{"id":1151,"date":"2020-04-22T15:33:30","date_gmt":"2020-04-22T13:33:30","guid":{"rendered":"https:\/\/www.fundicionesrioebro.com\/?p=1151"},"modified":"2020-04-28T10:26:51","modified_gmt":"2020-04-28T08:26:51","slug":"covid-19-we-maintain-our-activity","status":"publish","type":"post","link":"https:\/\/www.fundicionesrioebro.com\/en\/covid-19-we-maintain-our-activity\/","title":{"rendered":"COVID-19: WE MAINTAIN OUR ACTIVITY"},"content":{"rendered":"\n<p class=\"wp-block-paragraph\" style=\"text-align:left\">At <strong>Fundiciones R\u00edo Ebro<\/strong> our top priority is the safety of our workers, families, customers and suppliers. For this reason, and being aware of the current situation, we have adopted a series of preventive measures that have allowed us to maintain our activity during the weeks of lockdown, as it belongs to one of the sectors qualified as essential as it is necessary for the maintenance of the productive activities of manufacturing companies in the sectors of <strong>FARMING, SANITARY ACTIVITIES,<\/strong> <strong>TRANSPORT AND FIRE PREVENTION,<\/strong> qualified as essential sectors protected by the Royal Decree Law 10\/2020, of March 29th.<\/p>\n\n\n\n<p class=\"wp-block-paragraph\" style=\"text-align:left\">Although the future is uncertain in relation to the <strong>COVID-19<\/strong>, we will be informing our customers and suppliers of the evolution of the new measures adopted in accordance with the indications received from the authorities.<\/p>\n\n\n\n<p class=\"wp-block-paragraph\">*It is time\nto <strong>keep calm, stay at home and take care of ourselves!<\/strong><\/p>\n","protected":false},"excerpt":{"rendered":"<p>At Fundiciones R\u00edo Ebro our top priority is the safety of our workers, families, customers and suppliers. For this reason, and being aware of the current situation, we have adopted a series of preventive measures that have allowed us to maintain our activity during the weeks of lockdown, as it belongs to one of the [&hellip;]<\/p>\n","protected":false},"author":3,"featured_media":1127,"comment_status":"open","ping_status":"open","sticky":false,"template":"","format":"standard","meta":{"footnotes":""},"categories":[5],"tags":[],"class_list":["post-1151","post","type-post","status-publish","format-standard","has-post-thumbnail","hentry","category-uncategorized"],"yoast_head":"<!-- This site is optimized with the Yoast SEO plugin v28.1 - https:\/\/yoast.com\/product\/yoast-seo-wordpress\/ -->\n<title>COVID-19: WE MAINTAIN OUR ACTIVITY | Fundiciones R\u00edo Ebro<\/title>\n<meta name=\"robots\" content=\"index, follow, max-snippet:-1, max-image-preview:large, max-video-preview:-1\" \/>\n<link rel=\"canonical\" href=\"https:\/\/www.fundicionesrioebro.com\/en\/covid-19-we-maintain-our-activity\/\" \/>\n<meta property=\"og:locale\" content=\"en_US\" \/>\n<meta property=\"og:type\" content=\"article\" \/>\n<meta property=\"og:title\" content=\"COVID-19: WE MAINTAIN OUR ACTIVITY | Fundiciones R\u00edo Ebro\" \/>\n<meta property=\"og:description\" content=\"At Fundiciones R\u00edo Ebro our top priority is the safety of our workers, families, customers and suppliers. For this reason, and being aware of the current situation, we have adopted a series of preventive measures that have allowed us to maintain our activity during the weeks of lockdown, as it belongs to one of the [&hellip;]\" \/>\n<meta property=\"og:url\" content=\"https:\/\/www.fundicionesrioebro.com\/en\/covid-19-we-maintain-our-activity\/\" \/>\n<meta property=\"og:site_name\" content=\"Fundiciones R\u00edo Ebro\" \/>\n<meta property=\"article:published_time\" content=\"2020-04-22T13:33:30+00:00\" \/>\n<meta property=\"article:modified_time\" content=\"2020-04-28T08:26:51+00:00\" \/>\n<meta property=\"og:image\" content=\"https:\/\/www.fundicionesrioebro.com\/wp-content\/uploads\/covid-19-1.jpg\" \/>\n\t<meta property=\"og:image:width\" content=\"703\" \/>\n\t<meta property=\"og:image:height\" content=\"405\" \/>\n\t<meta property=\"og:image:type\" content=\"image\/jpeg\" \/>\n<meta name=\"author\" content=\"RioEbroEditor\" \/>\n<meta name=\"twitter:card\" content=\"summary_large_image\" \/>\n<meta name=\"twitter:label1\" content=\"Written by\" \/>\n\t<meta name=\"twitter:data1\" content=\"RioEbroEditor\" \/>\n\t<meta name=\"twitter:label2\" content=\"Est. reading time\" \/>\n\t<meta name=\"twitter:data2\" content=\"1 minute\" \/>\n<script type=\"application\/ld+json\" class=\"yoast-schema-graph\">{\"@context\":\"https:\\\/\\\/schema.org\",\"@graph\":[{\"@type\":\"Article\",\"@id\":\"https:\\\/\\\/www.fundicionesrioebro.com\\\/en\\\/covid-19-we-maintain-our-activity\\\/#article\",\"isPartOf\":{\"@id\":\"https:\\\/\\\/www.fundicionesrioebro.com\\\/en\\\/covid-19-we-maintain-our-activity\\\/\"},\"author\":{\"name\":\"RioEbroEditor\",\"@id\":\"https:\\\/\\\/www.fundicionesrioebro.com\\\/#\\\/schema\\\/person\\\/d064f63d6b35c130286bc85dba5738dd\"},\"headline\":\"COVID-19: WE MAINTAIN OUR ACTIVITY\",\"datePublished\":\"2020-04-22T13:33:30+00:00\",\"dateModified\":\"2020-04-28T08:26:51+00:00\",\"mainEntityOfPage\":{\"@id\":\"https:\\\/\\\/www.fundicionesrioebro.com\\\/en\\\/covid-19-we-maintain-our-activity\\\/\"},\"wordCount\":152,\"commentCount\":0,\"publisher\":{\"@id\":\"https:\\\/\\\/www.fundicionesrioebro.com\\\/#organization\"},\"image\":{\"@id\":\"https:\\\/\\\/www.fundicionesrioebro.com\\\/en\\\/covid-19-we-maintain-our-activity\\\/#primaryimage\"},\"thumbnailUrl\":\"https:\\\/\\\/www.fundicionesrioebro.com\\\/wp-content\\\/uploads\\\/covid-19-1.jpg\",\"inLanguage\":\"en-US\",\"potentialAction\":[{\"@type\":\"CommentAction\",\"name\":\"Comment\",\"target\":[\"https:\\\/\\\/www.fundicionesrioebro.com\\\/en\\\/covid-19-we-maintain-our-activity\\\/#respond\"]}]},{\"@type\":\"WebPage\",\"@id\":\"https:\\\/\\\/www.fundicionesrioebro.com\\\/en\\\/covid-19-we-maintain-our-activity\\\/\",\"url\":\"https:\\\/\\\/www.fundicionesrioebro.com\\\/en\\\/covid-19-we-maintain-our-activity\\\/\",\"name\":\"COVID-19: WE MAINTAIN OUR ACTIVITY | Fundiciones R\u00edo Ebro\",\"isPartOf\":{\"@id\":\"https:\\\/\\\/www.fundicionesrioebro.com\\\/#website\"},\"primaryImageOfPage\":{\"@id\":\"https:\\\/\\\/www.fundicionesrioebro.com\\\/en\\\/covid-19-we-maintain-our-activity\\\/#primaryimage\"},\"image\":{\"@id\":\"https:\\\/\\\/www.fundicionesrioebro.com\\\/en\\\/covid-19-we-maintain-our-activity\\\/#primaryimage\"},\"thumbnailUrl\":\"https:\\\/\\\/www.fundicionesrioebro.com\\\/wp-content\\\/uploads\\\/covid-19-1.jpg\",\"datePublished\":\"2020-04-22T13:33:30+00:00\",\"dateModified\":\"2020-04-28T08:26:51+00:00\",\"breadcrumb\":{\"@id\":\"https:\\\/\\\/www.fundicionesrioebro.com\\\/en\\\/covid-19-we-maintain-our-activity\\\/#breadcrumb\"},\"inLanguage\":\"en-US\",\"potentialAction\":[{\"@type\":\"ReadAction\",\"target\":[\"https:\\\/\\\/www.fundicionesrioebro.com\\\/en\\\/covid-19-we-maintain-our-activity\\\/\"]}]},{\"@type\":\"ImageObject\",\"inLanguage\":\"en-US\",\"@id\":\"https:\\\/\\\/www.fundicionesrioebro.com\\\/en\\\/covid-19-we-maintain-our-activity\\\/#primaryimage\",\"url\":\"https:\\\/\\\/www.fundicionesrioebro.com\\\/wp-content\\\/uploads\\\/covid-19-1.jpg\",\"contentUrl\":\"https:\\\/\\\/www.fundicionesrioebro.com\\\/wp-content\\\/uploads\\\/covid-19-1.jpg\",\"width\":703,\"height\":405},{\"@type\":\"BreadcrumbList\",\"@id\":\"https:\\\/\\\/www.fundicionesrioebro.com\\\/en\\\/covid-19-we-maintain-our-activity\\\/#breadcrumb\",\"itemListElement\":[{\"@type\":\"ListItem\",\"position\":1,\"name\":\"Portada\",\"item\":\"https:\\\/\\\/www.fundicionesrioebro.com\\\/en\\\/\"},{\"@type\":\"ListItem\",\"position\":2,\"name\":\"COVID-19: WE MAINTAIN OUR ACTIVITY\"}]},{\"@type\":\"WebSite\",\"@id\":\"https:\\\/\\\/www.fundicionesrioebro.com\\\/#website\",\"url\":\"https:\\\/\\\/www.fundicionesrioebro.com\\\/\",\"name\":\"Fundiciones R\u00edo Ebro\",\"description\":\"Fundici\u00f3n de lat\u00f3n y bronce a coquilla y c\u00e1scara\",\"publisher\":{\"@id\":\"https:\\\/\\\/www.fundicionesrioebro.com\\\/#organization\"},\"potentialAction\":[{\"@type\":\"SearchAction\",\"target\":{\"@type\":\"EntryPoint\",\"urlTemplate\":\"https:\\\/\\\/www.fundicionesrioebro.com\\\/?s={search_term_string}\"},\"query-input\":{\"@type\":\"PropertyValueSpecification\",\"valueRequired\":true,\"valueName\":\"search_term_string\"}}],\"inLanguage\":\"en-US\"},{\"@type\":\"Organization\",\"@id\":\"https:\\\/\\\/www.fundicionesrioebro.com\\\/#organization\",\"name\":\"Fundiciones R\u00edo Ebro\",\"url\":\"https:\\\/\\\/www.fundicionesrioebro.com\\\/\",\"logo\":{\"@type\":\"ImageObject\",\"inLanguage\":\"en-US\",\"@id\":\"https:\\\/\\\/www.fundicionesrioebro.com\\\/#\\\/schema\\\/logo\\\/image\\\/\",\"url\":\"https:\\\/\\\/www.fundicionesrioebro.com\\\/wp-content\\\/uploads\\\/2019\\\/07\\\/fundiciones-rio-ebro-logo.jpg\",\"contentUrl\":\"https:\\\/\\\/www.fundicionesrioebro.com\\\/wp-content\\\/uploads\\\/2019\\\/07\\\/fundiciones-rio-ebro-logo.jpg\",\"width\":444,\"height\":143,\"caption\":\"Fundiciones R\u00edo Ebro\"},\"image\":{\"@id\":\"https:\\\/\\\/www.fundicionesrioebro.com\\\/#\\\/schema\\\/logo\\\/image\\\/\"}},{\"@type\":\"Person\",\"@id\":\"https:\\\/\\\/www.fundicionesrioebro.com\\\/#\\\/schema\\\/person\\\/d064f63d6b35c130286bc85dba5738dd\",\"name\":\"RioEbroEditor\",\"image\":{\"@type\":\"ImageObject\",\"inLanguage\":\"en-US\",\"@id\":\"https:\\\/\\\/secure.gravatar.com\\\/avatar\\\/f0d23277f83505ad5117f91e699de3a722680129bca99c8b67edfddbf9183b21?s=96&d=mm&r=g\",\"url\":\"https:\\\/\\\/secure.gravatar.com\\\/avatar\\\/f0d23277f83505ad5117f91e699de3a722680129bca99c8b67edfddbf9183b21?s=96&d=mm&r=g\",\"contentUrl\":\"https:\\\/\\\/secure.gravatar.com\\\/avatar\\\/f0d23277f83505ad5117f91e699de3a722680129bca99c8b67edfddbf9183b21?s=96&d=mm&r=g\",\"caption\":\"RioEbroEditor\"}}]}<\/script>\n<!-- \/ Yoast SEO plugin. -->","yoast_head_json":{"title":"COVID-19: WE MAINTAIN OUR ACTIVITY | Fundiciones R\u00edo Ebro","robots":{"index":"index","follow":"follow","max-snippet":"max-snippet:-1","max-image-preview":"max-image-preview:large","max-video-preview":"max-video-preview:-1"},"canonical":"https:\/\/www.fundicionesrioebro.com\/en\/covid-19-we-maintain-our-activity\/","og_locale":"en_US","og_type":"article","og_title":"COVID-19: WE MAINTAIN OUR ACTIVITY | Fundiciones R\u00edo Ebro","og_description":"At Fundiciones R\u00edo Ebro our top priority is the safety of our workers, families, customers and suppliers. For this reason, and being aware of the current situation, we have adopted a series of preventive measures that have allowed us to maintain our activity during the weeks of lockdown, as it belongs to one of the [&hellip;]","og_url":"https:\/\/www.fundicionesrioebro.com\/en\/covid-19-we-maintain-our-activity\/","og_site_name":"Fundiciones R\u00edo Ebro","article_published_time":"2020-04-22T13:33:30+00:00","article_modified_time":"2020-04-28T08:26:51+00:00","og_image":[{"width":703,"height":405,"url":"https:\/\/www.fundicionesrioebro.com\/wp-content\/uploads\/covid-19-1.jpg","type":"image\/jpeg"}],"author":"RioEbroEditor","twitter_card":"summary_large_image","twitter_misc":{"Written by":"RioEbroEditor","Est. reading time":"1 minute"},"schema":{"@context":"https:\/\/schema.org","@graph":[{"@type":"Article","@id":"https:\/\/www.fundicionesrioebro.com\/en\/covid-19-we-maintain-our-activity\/#article","isPartOf":{"@id":"https:\/\/www.fundicionesrioebro.com\/en\/covid-19-we-maintain-our-activity\/"},"author":{"name":"RioEbroEditor","@id":"https:\/\/www.fundicionesrioebro.com\/#\/schema\/person\/d064f63d6b35c130286bc85dba5738dd"},"headline":"COVID-19: WE MAINTAIN OUR ACTIVITY","datePublished":"2020-04-22T13:33:30+00:00","dateModified":"2020-04-28T08:26:51+00:00","mainEntityOfPage":{"@id":"https:\/\/www.fundicionesrioebro.com\/en\/covid-19-we-maintain-our-activity\/"},"wordCount":152,"commentCount":0,"publisher":{"@id":"https:\/\/www.fundicionesrioebro.com\/#organization"},"image":{"@id":"https:\/\/www.fundicionesrioebro.com\/en\/covid-19-we-maintain-our-activity\/#primaryimage"},"thumbnailUrl":"https:\/\/www.fundicionesrioebro.com\/wp-content\/uploads\/covid-19-1.jpg","inLanguage":"en-US","potentialAction":[{"@type":"CommentAction","name":"Comment","target":["https:\/\/www.fundicionesrioebro.com\/en\/covid-19-we-maintain-our-activity\/#respond"]}]},{"@type":"WebPage","@id":"https:\/\/www.fundicionesrioebro.com\/en\/covid-19-we-maintain-our-activity\/","url":"https:\/\/www.fundicionesrioebro.com\/en\/covid-19-we-maintain-our-activity\/","name":"COVID-19: WE MAINTAIN OUR ACTIVITY | Fundiciones R\u00edo Ebro","isPartOf":{"@id":"https:\/\/www.fundicionesrioebro.com\/#website"},"primaryImageOfPage":{"@id":"https:\/\/www.fundicionesrioebro.com\/en\/covid-19-we-maintain-our-activity\/#primaryimage"},"image":{"@id":"https:\/\/www.fundicionesrioebro.com\/en\/covid-19-we-maintain-our-activity\/#primaryimage"},"thumbnailUrl":"https:\/\/www.fundicionesrioebro.com\/wp-content\/uploads\/covid-19-1.jpg","datePublished":"2020-04-22T13:33:30+00:00","dateModified":"2020-04-28T08:26:51+00:00","breadcrumb":{"@id":"https:\/\/www.fundicionesrioebro.com\/en\/covid-19-we-maintain-our-activity\/#breadcrumb"},"inLanguage":"en-US","potentialAction":[{"@type":"ReadAction","target":["https:\/\/www.fundicionesrioebro.com\/en\/covid-19-we-maintain-our-activity\/"]}]},{"@type":"ImageObject","inLanguage":"en-US","@id":"https:\/\/www.fundicionesrioebro.com\/en\/covid-19-we-maintain-our-activity\/#primaryimage","url":"https:\/\/www.fundicionesrioebro.com\/wp-content\/uploads\/covid-19-1.jpg","contentUrl":"https:\/\/www.fundicionesrioebro.com\/wp-content\/uploads\/covid-19-1.jpg","width":703,"height":405},{"@type":"BreadcrumbList","@id":"https:\/\/www.fundicionesrioebro.com\/en\/covid-19-we-maintain-our-activity\/#breadcrumb","itemListElement":[{"@type":"ListItem","position":1,"name":"Portada","item":"https:\/\/www.fundicionesrioebro.com\/en\/"},{"@type":"ListItem","position":2,"name":"COVID-19: WE MAINTAIN OUR ACTIVITY"}]},{"@type":"WebSite","@id":"https:\/\/www.fundicionesrioebro.com\/#website","url":"https:\/\/www.fundicionesrioebro.com\/","name":"Fundiciones R\u00edo Ebro","description":"Fundici\u00f3n de lat\u00f3n y bronce a coquilla y c\u00e1scara","publisher":{"@id":"https:\/\/www.fundicionesrioebro.com\/#organization"},"potentialAction":[{"@type":"SearchAction","target":{"@type":"EntryPoint","urlTemplate":"https:\/\/www.fundicionesrioebro.com\/?s={search_term_string}"},"query-input":{"@type":"PropertyValueSpecification","valueRequired":true,"valueName":"search_term_string"}}],"inLanguage":"en-US"},{"@type":"Organization","@id":"https:\/\/www.fundicionesrioebro.com\/#organization","name":"Fundiciones R\u00edo Ebro","url":"https:\/\/www.fundicionesrioebro.com\/","logo":{"@type":"ImageObject","inLanguage":"en-US","@id":"https:\/\/www.fundicionesrioebro.com\/#\/schema\/logo\/image\/","url":"https:\/\/www.fundicionesrioebro.com\/wp-content\/uploads\/2019\/07\/fundiciones-rio-ebro-logo.jpg","contentUrl":"https:\/\/www.fundicionesrioebro.com\/wp-content\/uploads\/2019\/07\/fundiciones-rio-ebro-logo.jpg","width":444,"height":143,"caption":"Fundiciones R\u00edo Ebro"},"image":{"@id":"https:\/\/www.fundicionesrioebro.com\/#\/schema\/logo\/image\/"}},{"@type":"Person","@id":"https:\/\/www.fundicionesrioebro.com\/#\/schema\/person\/d064f63d6b35c130286bc85dba5738dd","name":"RioEbroEditor","image":{"@type":"ImageObject","inLanguage":"en-US","@id":"https:\/\/secure.gravatar.com\/avatar\/f0d23277f83505ad5117f91e699de3a722680129bca99c8b67edfddbf9183b21?s=96&d=mm&r=g","url":"https:\/\/secure.gravatar.com\/avatar\/f0d23277f83505ad5117f91e699de3a722680129bca99c8b67edfddbf9183b21?s=96&d=mm&r=g","contentUrl":"https:\/\/secure.gravatar.com\/avatar\/f0d23277f83505ad5117f91e699de3a722680129bca99c8b67edfddbf9183b21?s=96&d=mm&r=g","caption":"RioEbroEditor"}}]}},"_links":{"self":[{"href":"https:\/\/www.fundicionesrioebro.com\/en\/wp-json\/wp\/v2\/posts\/1151","targetHints":{"allow":["GET"]}}],"collection":[{"href":"https:\/\/www.fundicionesrioebro.com\/en\/wp-json\/wp\/v2\/posts"}],"about":[{"href":"https:\/\/www.fundicionesrioebro.com\/en\/wp-json\/wp\/v2\/types\/post"}],"author":[{"embeddable":true,"href":"https:\/\/www.fundicionesrioebro.com\/en\/wp-json\/wp\/v2\/users\/3"}],"replies":[{"embeddable":true,"href":"https:\/\/www.fundicionesrioebro.com\/en\/wp-json\/wp\/v2\/comments?post=1151"}],"version-history":[{"count":3,"href":"https:\/\/www.fundicionesrioebro.com\/en\/wp-json\/wp\/v2\/posts\/1151\/revisions"}],"predecessor-version":[{"id":1173,"href":"https:\/\/www.fundicionesrioebro.com\/en\/wp-json\/wp\/v2\/posts\/1151\/revisions\/1173"}],"wp:featuredmedia":[{"embeddable":true,"href":"https:\/\/www.fundicionesrioebro.com\/en\/wp-json\/wp\/v2\/media\/1127"}],"wp:attachment":[{"href":"https:\/\/www.fundicionesrioebro.com\/en\/wp-json\/wp\/v2\/media?parent=1151"}],"wp:term":[{"taxonomy":"category","embeddable":true,"href":"https:\/\/www.fundicionesrioebro.com\/en\/wp-json\/wp\/v2\/categories?post=1151"},{"taxonomy":"post_tag","embeddable":true,"href":"https:\/\/www.fundicionesrioebro.com\/en\/wp-json\/wp\/v2\/tags?post=1151"}],"curies":[{"name":"wp","href":"https:\/\/api.w.org\/{rel}","templated":true}]}}