{"id":1216,"date":"2020-07-31T08:46:09","date_gmt":"2020-07-31T06:46:09","guid":{"rendered":"https:\/\/www.fundicionesrioebro.com\/?p=1216"},"modified":"2020-07-31T12:00:05","modified_gmt":"2020-07-31T10:00:05","slug":"reduction-of-emissions-into-the-atmosphere","status":"publish","type":"post","link":"https:\/\/www.fundicionesrioebro.com\/en\/reduction-of-emissions-into-the-atmosphere\/","title":{"rendered":"Reduction of Emissions into the Atmosphere"},"content":{"rendered":"\n<p class=\"wp-block-paragraph\">As a result\nof our will to <strong>preserve the environment<\/strong> after the improvements made to\nour facilities, in recent years we have managed to <strong>reduce emissions into the\natmosphere<\/strong>. <\/p>\n\n\n\n<p class=\"wp-block-paragraph\">The measurements taken at <strong>FUNDICIONES RIO EBRO<\/strong> by the Official Organizations, guarantee a reduction to a fifth of the atmospheric emissions and this demonstrates, the commitment to <strong>environmental sustainability<\/strong>.<\/p>\n","protected":false},"excerpt":{"rendered":"<p>As a result of our will to preserve the environment after the improvements made to our facilities, in recent years we have managed to reduce emissions into the atmosphere. The measurements taken at FUNDICIONES RIO EBRO by the Official Organizations, guarantee a reduction to a fifth of the atmospheric emissions and this demonstrates, the commitment [&hellip;]<\/p>\n","protected":false},"author":3,"featured_media":1212,"comment_status":"open","ping_status":"open","sticky":false,"template":"","format":"standard","meta":{"footnotes":""},"categories":[5],"tags":[],"class_list":["post-1216","post","type-post","status-publish","format-standard","has-post-thumbnail","hentry","category-uncategorized"],"yoast_head":"<!-- This site is optimized with the Yoast SEO plugin v28.1 - https:\/\/yoast.com\/product\/yoast-seo-wordpress\/ -->\n<title>Reduction of Emissions into the Atmosphere | Fundiciones R\u00edo Ebro<\/title>\n<meta name=\"robots\" content=\"index, follow, max-snippet:-1, max-image-preview:large, max-video-preview:-1\" \/>\n<link rel=\"canonical\" href=\"https:\/\/www.fundicionesrioebro.com\/en\/reduction-of-emissions-into-the-atmosphere\/\" \/>\n<meta property=\"og:locale\" content=\"en_US\" \/>\n<meta property=\"og:type\" content=\"article\" \/>\n<meta property=\"og:title\" content=\"Reduction of Emissions into the Atmosphere | Fundiciones R\u00edo Ebro\" \/>\n<meta property=\"og:description\" content=\"As a result of our will to preserve the environment after the improvements made to our facilities, in recent years we have managed to reduce emissions into the atmosphere. The measurements taken at FUNDICIONES RIO EBRO by the Official Organizations, guarantee a reduction to a fifth of the atmospheric emissions and this demonstrates, the commitment [&hellip;]\" \/>\n<meta property=\"og:url\" content=\"https:\/\/www.fundicionesrioebro.com\/en\/reduction-of-emissions-into-the-atmosphere\/\" \/>\n<meta property=\"og:site_name\" content=\"Fundiciones R\u00edo Ebro\" \/>\n<meta property=\"article:published_time\" content=\"2020-07-31T06:46:09+00:00\" \/>\n<meta property=\"article:modified_time\" content=\"2020-07-31T10:00:05+00:00\" \/>\n<meta property=\"og:image\" content=\"https:\/\/www.fundicionesrioebro.com\/wp-content\/uploads\/nue.jpg\" \/>\n\t<meta property=\"og:image:width\" content=\"785\" \/>\n\t<meta property=\"og:image:height\" content=\"516\" \/>\n\t<meta property=\"og:image:type\" content=\"image\/jpeg\" \/>\n<meta name=\"author\" content=\"RioEbroEditor\" \/>\n<meta name=\"twitter:card\" content=\"summary_large_image\" \/>\n<meta name=\"twitter:label1\" content=\"Written by\" \/>\n\t<meta name=\"twitter:data1\" content=\"RioEbroEditor\" \/>\n<script type=\"application\/ld+json\" class=\"yoast-schema-graph\">{\"@context\":\"https:\\\/\\\/schema.org\",\"@graph\":[{\"@type\":\"Article\",\"@id\":\"https:\\\/\\\/www.fundicionesrioebro.com\\\/en\\\/reduction-of-emissions-into-the-atmosphere\\\/#article\",\"isPartOf\":{\"@id\":\"https:\\\/\\\/www.fundicionesrioebro.com\\\/en\\\/reduction-of-emissions-into-the-atmosphere\\\/\"},\"author\":{\"name\":\"RioEbroEditor\",\"@id\":\"https:\\\/\\\/www.fundicionesrioebro.com\\\/#\\\/schema\\\/person\\\/d064f63d6b35c130286bc85dba5738dd\"},\"headline\":\"Reduction of Emissions into the Atmosphere\",\"datePublished\":\"2020-07-31T06:46:09+00:00\",\"dateModified\":\"2020-07-31T10:00:05+00:00\",\"mainEntityOfPage\":{\"@id\":\"https:\\\/\\\/www.fundicionesrioebro.com\\\/en\\\/reduction-of-emissions-into-the-atmosphere\\\/\"},\"wordCount\":64,\"commentCount\":0,\"publisher\":{\"@id\":\"https:\\\/\\\/www.fundicionesrioebro.com\\\/#organization\"},\"image\":{\"@id\":\"https:\\\/\\\/www.fundicionesrioebro.com\\\/en\\\/reduction-of-emissions-into-the-atmosphere\\\/#primaryimage\"},\"thumbnailUrl\":\"https:\\\/\\\/www.fundicionesrioebro.com\\\/wp-content\\\/uploads\\\/nue.jpg\",\"inLanguage\":\"en-US\",\"potentialAction\":[{\"@type\":\"CommentAction\",\"name\":\"Comment\",\"target\":[\"https:\\\/\\\/www.fundicionesrioebro.com\\\/en\\\/reduction-of-emissions-into-the-atmosphere\\\/#respond\"]}]},{\"@type\":\"WebPage\",\"@id\":\"https:\\\/\\\/www.fundicionesrioebro.com\\\/en\\\/reduction-of-emissions-into-the-atmosphere\\\/\",\"url\":\"https:\\\/\\\/www.fundicionesrioebro.com\\\/en\\\/reduction-of-emissions-into-the-atmosphere\\\/\",\"name\":\"Reduction of Emissions into the Atmosphere | Fundiciones R\u00edo Ebro\",\"isPartOf\":{\"@id\":\"https:\\\/\\\/www.fundicionesrioebro.com\\\/#website\"},\"primaryImageOfPage\":{\"@id\":\"https:\\\/\\\/www.fundicionesrioebro.com\\\/en\\\/reduction-of-emissions-into-the-atmosphere\\\/#primaryimage\"},\"image\":{\"@id\":\"https:\\\/\\\/www.fundicionesrioebro.com\\\/en\\\/reduction-of-emissions-into-the-atmosphere\\\/#primaryimage\"},\"thumbnailUrl\":\"https:\\\/\\\/www.fundicionesrioebro.com\\\/wp-content\\\/uploads\\\/nue.jpg\",\"datePublished\":\"2020-07-31T06:46:09+00:00\",\"dateModified\":\"2020-07-31T10:00:05+00:00\",\"breadcrumb\":{\"@id\":\"https:\\\/\\\/www.fundicionesrioebro.com\\\/en\\\/reduction-of-emissions-into-the-atmosphere\\\/#breadcrumb\"},\"inLanguage\":\"en-US\",\"potentialAction\":[{\"@type\":\"ReadAction\",\"target\":[\"https:\\\/\\\/www.fundicionesrioebro.com\\\/en\\\/reduction-of-emissions-into-the-atmosphere\\\/\"]}]},{\"@type\":\"ImageObject\",\"inLanguage\":\"en-US\",\"@id\":\"https:\\\/\\\/www.fundicionesrioebro.com\\\/en\\\/reduction-of-emissions-into-the-atmosphere\\\/#primaryimage\",\"url\":\"https:\\\/\\\/www.fundicionesrioebro.com\\\/wp-content\\\/uploads\\\/nue.jpg\",\"contentUrl\":\"https:\\\/\\\/www.fundicionesrioebro.com\\\/wp-content\\\/uploads\\\/nue.jpg\",\"width\":785,\"height\":516},{\"@type\":\"BreadcrumbList\",\"@id\":\"https:\\\/\\\/www.fundicionesrioebro.com\\\/en\\\/reduction-of-emissions-into-the-atmosphere\\\/#breadcrumb\",\"itemListElement\":[{\"@type\":\"ListItem\",\"position\":1,\"name\":\"Portada\",\"item\":\"https:\\\/\\\/www.fundicionesrioebro.com\\\/en\\\/\"},{\"@type\":\"ListItem\",\"position\":2,\"name\":\"Reduction of Emissions into the Atmosphere\"}]},{\"@type\":\"WebSite\",\"@id\":\"https:\\\/\\\/www.fundicionesrioebro.com\\\/#website\",\"url\":\"https:\\\/\\\/www.fundicionesrioebro.com\\\/\",\"name\":\"Fundiciones R\u00edo Ebro\",\"description\":\"Fundici\u00f3n de lat\u00f3n y bronce a coquilla y c\u00e1scara\",\"publisher\":{\"@id\":\"https:\\\/\\\/www.fundicionesrioebro.com\\\/#organization\"},\"potentialAction\":[{\"@type\":\"SearchAction\",\"target\":{\"@type\":\"EntryPoint\",\"urlTemplate\":\"https:\\\/\\\/www.fundicionesrioebro.com\\\/?s={search_term_string}\"},\"query-input\":{\"@type\":\"PropertyValueSpecification\",\"valueRequired\":true,\"valueName\":\"search_term_string\"}}],\"inLanguage\":\"en-US\"},{\"@type\":\"Organization\",\"@id\":\"https:\\\/\\\/www.fundicionesrioebro.com\\\/#organization\",\"name\":\"Fundiciones R\u00edo Ebro\",\"url\":\"https:\\\/\\\/www.fundicionesrioebro.com\\\/\",\"logo\":{\"@type\":\"ImageObject\",\"inLanguage\":\"en-US\",\"@id\":\"https:\\\/\\\/www.fundicionesrioebro.com\\\/#\\\/schema\\\/logo\\\/image\\\/\",\"url\":\"https:\\\/\\\/www.fundicionesrioebro.com\\\/wp-content\\\/uploads\\\/2019\\\/07\\\/fundiciones-rio-ebro-logo.jpg\",\"contentUrl\":\"https:\\\/\\\/www.fundicionesrioebro.com\\\/wp-content\\\/uploads\\\/2019\\\/07\\\/fundiciones-rio-ebro-logo.jpg\",\"width\":444,\"height\":143,\"caption\":\"Fundiciones R\u00edo Ebro\"},\"image\":{\"@id\":\"https:\\\/\\\/www.fundicionesrioebro.com\\\/#\\\/schema\\\/logo\\\/image\\\/\"}},{\"@type\":\"Person\",\"@id\":\"https:\\\/\\\/www.fundicionesrioebro.com\\\/#\\\/schema\\\/person\\\/d064f63d6b35c130286bc85dba5738dd\",\"name\":\"RioEbroEditor\",\"image\":{\"@type\":\"ImageObject\",\"inLanguage\":\"en-US\",\"@id\":\"https:\\\/\\\/secure.gravatar.com\\\/avatar\\\/f0d23277f83505ad5117f91e699de3a722680129bca99c8b67edfddbf9183b21?s=96&d=mm&r=g\",\"url\":\"https:\\\/\\\/secure.gravatar.com\\\/avatar\\\/f0d23277f83505ad5117f91e699de3a722680129bca99c8b67edfddbf9183b21?s=96&d=mm&r=g\",\"contentUrl\":\"https:\\\/\\\/secure.gravatar.com\\\/avatar\\\/f0d23277f83505ad5117f91e699de3a722680129bca99c8b67edfddbf9183b21?s=96&d=mm&r=g\",\"caption\":\"RioEbroEditor\"}}]}<\/script>\n<!-- \/ Yoast SEO plugin. -->","yoast_head_json":{"title":"Reduction of Emissions into the Atmosphere | Fundiciones R\u00edo Ebro","robots":{"index":"index","follow":"follow","max-snippet":"max-snippet:-1","max-image-preview":"max-image-preview:large","max-video-preview":"max-video-preview:-1"},"canonical":"https:\/\/www.fundicionesrioebro.com\/en\/reduction-of-emissions-into-the-atmosphere\/","og_locale":"en_US","og_type":"article","og_title":"Reduction of Emissions into the Atmosphere | Fundiciones R\u00edo Ebro","og_description":"As a result of our will to preserve the environment after the improvements made to our facilities, in recent years we have managed to reduce emissions into the atmosphere. The measurements taken at FUNDICIONES RIO EBRO by the Official Organizations, guarantee a reduction to a fifth of the atmospheric emissions and this demonstrates, the commitment [&hellip;]","og_url":"https:\/\/www.fundicionesrioebro.com\/en\/reduction-of-emissions-into-the-atmosphere\/","og_site_name":"Fundiciones R\u00edo Ebro","article_published_time":"2020-07-31T06:46:09+00:00","article_modified_time":"2020-07-31T10:00:05+00:00","og_image":[{"width":785,"height":516,"url":"https:\/\/www.fundicionesrioebro.com\/wp-content\/uploads\/nue.jpg","type":"image\/jpeg"}],"author":"RioEbroEditor","twitter_card":"summary_large_image","twitter_misc":{"Written by":"RioEbroEditor"},"schema":{"@context":"https:\/\/schema.org","@graph":[{"@type":"Article","@id":"https:\/\/www.fundicionesrioebro.com\/en\/reduction-of-emissions-into-the-atmosphere\/#article","isPartOf":{"@id":"https:\/\/www.fundicionesrioebro.com\/en\/reduction-of-emissions-into-the-atmosphere\/"},"author":{"name":"RioEbroEditor","@id":"https:\/\/www.fundicionesrioebro.com\/#\/schema\/person\/d064f63d6b35c130286bc85dba5738dd"},"headline":"Reduction of Emissions into the Atmosphere","datePublished":"2020-07-31T06:46:09+00:00","dateModified":"2020-07-31T10:00:05+00:00","mainEntityOfPage":{"@id":"https:\/\/www.fundicionesrioebro.com\/en\/reduction-of-emissions-into-the-atmosphere\/"},"wordCount":64,"commentCount":0,"publisher":{"@id":"https:\/\/www.fundicionesrioebro.com\/#organization"},"image":{"@id":"https:\/\/www.fundicionesrioebro.com\/en\/reduction-of-emissions-into-the-atmosphere\/#primaryimage"},"thumbnailUrl":"https:\/\/www.fundicionesrioebro.com\/wp-content\/uploads\/nue.jpg","inLanguage":"en-US","potentialAction":[{"@type":"CommentAction","name":"Comment","target":["https:\/\/www.fundicionesrioebro.com\/en\/reduction-of-emissions-into-the-atmosphere\/#respond"]}]},{"@type":"WebPage","@id":"https:\/\/www.fundicionesrioebro.com\/en\/reduction-of-emissions-into-the-atmosphere\/","url":"https:\/\/www.fundicionesrioebro.com\/en\/reduction-of-emissions-into-the-atmosphere\/","name":"Reduction of Emissions into the Atmosphere | Fundiciones R\u00edo Ebro","isPartOf":{"@id":"https:\/\/www.fundicionesrioebro.com\/#website"},"primaryImageOfPage":{"@id":"https:\/\/www.fundicionesrioebro.com\/en\/reduction-of-emissions-into-the-atmosphere\/#primaryimage"},"image":{"@id":"https:\/\/www.fundicionesrioebro.com\/en\/reduction-of-emissions-into-the-atmosphere\/#primaryimage"},"thumbnailUrl":"https:\/\/www.fundicionesrioebro.com\/wp-content\/uploads\/nue.jpg","datePublished":"2020-07-31T06:46:09+00:00","dateModified":"2020-07-31T10:00:05+00:00","breadcrumb":{"@id":"https:\/\/www.fundicionesrioebro.com\/en\/reduction-of-emissions-into-the-atmosphere\/#breadcrumb"},"inLanguage":"en-US","potentialAction":[{"@type":"ReadAction","target":["https:\/\/www.fundicionesrioebro.com\/en\/reduction-of-emissions-into-the-atmosphere\/"]}]},{"@type":"ImageObject","inLanguage":"en-US","@id":"https:\/\/www.fundicionesrioebro.com\/en\/reduction-of-emissions-into-the-atmosphere\/#primaryimage","url":"https:\/\/www.fundicionesrioebro.com\/wp-content\/uploads\/nue.jpg","contentUrl":"https:\/\/www.fundicionesrioebro.com\/wp-content\/uploads\/nue.jpg","width":785,"height":516},{"@type":"BreadcrumbList","@id":"https:\/\/www.fundicionesrioebro.com\/en\/reduction-of-emissions-into-the-atmosphere\/#breadcrumb","itemListElement":[{"@type":"ListItem","position":1,"name":"Portada","item":"https:\/\/www.fundicionesrioebro.com\/en\/"},{"@type":"ListItem","position":2,"name":"Reduction of Emissions into the Atmosphere"}]},{"@type":"WebSite","@id":"https:\/\/www.fundicionesrioebro.com\/#website","url":"https:\/\/www.fundicionesrioebro.com\/","name":"Fundiciones R\u00edo Ebro","description":"Fundici\u00f3n de lat\u00f3n y bronce a coquilla y c\u00e1scara","publisher":{"@id":"https:\/\/www.fundicionesrioebro.com\/#organization"},"potentialAction":[{"@type":"SearchAction","target":{"@type":"EntryPoint","urlTemplate":"https:\/\/www.fundicionesrioebro.com\/?s={search_term_string}"},"query-input":{"@type":"PropertyValueSpecification","valueRequired":true,"valueName":"search_term_string"}}],"inLanguage":"en-US"},{"@type":"Organization","@id":"https:\/\/www.fundicionesrioebro.com\/#organization","name":"Fundiciones R\u00edo Ebro","url":"https:\/\/www.fundicionesrioebro.com\/","logo":{"@type":"ImageObject","inLanguage":"en-US","@id":"https:\/\/www.fundicionesrioebro.com\/#\/schema\/logo\/image\/","url":"https:\/\/www.fundicionesrioebro.com\/wp-content\/uploads\/2019\/07\/fundiciones-rio-ebro-logo.jpg","contentUrl":"https:\/\/www.fundicionesrioebro.com\/wp-content\/uploads\/2019\/07\/fundiciones-rio-ebro-logo.jpg","width":444,"height":143,"caption":"Fundiciones R\u00edo Ebro"},"image":{"@id":"https:\/\/www.fundicionesrioebro.com\/#\/schema\/logo\/image\/"}},{"@type":"Person","@id":"https:\/\/www.fundicionesrioebro.com\/#\/schema\/person\/d064f63d6b35c130286bc85dba5738dd","name":"RioEbroEditor","image":{"@type":"ImageObject","inLanguage":"en-US","@id":"https:\/\/secure.gravatar.com\/avatar\/f0d23277f83505ad5117f91e699de3a722680129bca99c8b67edfddbf9183b21?s=96&d=mm&r=g","url":"https:\/\/secure.gravatar.com\/avatar\/f0d23277f83505ad5117f91e699de3a722680129bca99c8b67edfddbf9183b21?s=96&d=mm&r=g","contentUrl":"https:\/\/secure.gravatar.com\/avatar\/f0d23277f83505ad5117f91e699de3a722680129bca99c8b67edfddbf9183b21?s=96&d=mm&r=g","caption":"RioEbroEditor"}}]}},"_links":{"self":[{"href":"https:\/\/www.fundicionesrioebro.com\/en\/wp-json\/wp\/v2\/posts\/1216","targetHints":{"allow":["GET"]}}],"collection":[{"href":"https:\/\/www.fundicionesrioebro.com\/en\/wp-json\/wp\/v2\/posts"}],"about":[{"href":"https:\/\/www.fundicionesrioebro.com\/en\/wp-json\/wp\/v2\/types\/post"}],"author":[{"embeddable":true,"href":"https:\/\/www.fundicionesrioebro.com\/en\/wp-json\/wp\/v2\/users\/3"}],"replies":[{"embeddable":true,"href":"https:\/\/www.fundicionesrioebro.com\/en\/wp-json\/wp\/v2\/comments?post=1216"}],"version-history":[{"count":2,"href":"https:\/\/www.fundicionesrioebro.com\/en\/wp-json\/wp\/v2\/posts\/1216\/revisions"}],"predecessor-version":[{"id":1220,"href":"https:\/\/www.fundicionesrioebro.com\/en\/wp-json\/wp\/v2\/posts\/1216\/revisions\/1220"}],"wp:featuredmedia":[{"embeddable":true,"href":"https:\/\/www.fundicionesrioebro.com\/en\/wp-json\/wp\/v2\/media\/1212"}],"wp:attachment":[{"href":"https:\/\/www.fundicionesrioebro.com\/en\/wp-json\/wp\/v2\/media?parent=1216"}],"wp:term":[{"taxonomy":"category","embeddable":true,"href":"https:\/\/www.fundicionesrioebro.com\/en\/wp-json\/wp\/v2\/categories?post=1216"},{"taxonomy":"post_tag","embeddable":true,"href":"https:\/\/www.fundicionesrioebro.com\/en\/wp-json\/wp\/v2\/tags?post=1216"}],"curies":[{"name":"wp","href":"https:\/\/api.w.org\/{rel}","templated":true}]}}