{"id":1665,"date":"2022-12-05T14:19:29","date_gmt":"2022-12-05T13:19:29","guid":{"rendered":"https:\/\/www.fundicionesrioebro.com\/fundiciones-rio-ebro-recoge-el-sello-rsa-2023\/"},"modified":"2022-12-12T09:45:04","modified_gmt":"2022-12-12T08:45:04","slug":"fundiciones-rio-ebro-recoge-el-sello-rsa-2023","status":"publish","type":"post","link":"https:\/\/www.fundicionesrioebro.com\/en\/fundiciones-rio-ebro-recoge-el-sello-rsa-2023\/","title":{"rendered":"FUNDICIONES R\u00cdO EBRO COLLECT THE SRA 2023 SEAL"},"content":{"rendered":"\n<p class=\"wp-block-paragraph\">On December 1st, convened by the Government of Aragon, through the ADI (Aragonese Development Institute) and together with business and trade union organisations, the annual Social Responsibility Day in Aragon was held in the Mozart Hall of the Zaragoza Auditorium where, after having passed the necessary procedures to obtain it, FUNDICIONES R\u00cdO EBRO collected the SRA (Social Responsibility of Aragon) Seal that publicly recognises the initiatives and good practices in Social Responsibility and Sustainability in the SME category.<\/p>\n\n\n\n<p class=\"wp-block-paragraph\">Following the principle of transparency of the SRA Plan, all the information provided during the process of obtaining this seal is available through the register of socially responsible companies in Aragon, which can be found on www.aragonempresa.com.<\/p>\n\n\n\n<p class=\"wp-block-paragraph\"><\/p>\n","protected":false},"excerpt":{"rendered":"<p>On December 1st, convened by the Government of Aragon, through the ADI (Aragonese Development Institute) and together with business and trade union organisations, the annual Social Responsibility Day in Aragon was held in the Mozart Hall of the Zaragoza Auditorium where, after having passed the necessary procedures to obtain it, FUNDICIONES R\u00cdO EBRO collected the [&hellip;]<\/p>\n","protected":false},"author":3,"featured_media":1657,"comment_status":"open","ping_status":"open","sticky":false,"template":"","format":"standard","meta":{"footnotes":""},"categories":[5],"tags":[],"class_list":["post-1665","post","type-post","status-publish","format-standard","has-post-thumbnail","hentry","category-uncategorized"],"yoast_head":"<!-- This site is optimized with the Yoast SEO plugin v28.1 - https:\/\/yoast.com\/product\/yoast-seo-wordpress\/ -->\n<title>FUNDICIONES R\u00cdO EBRO COLLECT THE SRA 2023 SEAL | Fundiciones R\u00edo Ebro<\/title>\n<meta name=\"robots\" content=\"index, follow, max-snippet:-1, max-image-preview:large, max-video-preview:-1\" \/>\n<link rel=\"canonical\" href=\"https:\/\/www.fundicionesrioebro.com\/en\/fundiciones-rio-ebro-recoge-el-sello-rsa-2023\/\" \/>\n<meta property=\"og:locale\" content=\"en_US\" \/>\n<meta property=\"og:type\" content=\"article\" \/>\n<meta property=\"og:title\" content=\"FUNDICIONES R\u00cdO EBRO COLLECT THE SRA 2023 SEAL | Fundiciones R\u00edo Ebro\" \/>\n<meta property=\"og:description\" content=\"On December 1st, convened by the Government of Aragon, through the ADI (Aragonese Development Institute) and together with business and trade union organisations, the annual Social Responsibility Day in Aragon was held in the Mozart Hall of the Zaragoza Auditorium where, after having passed the necessary procedures to obtain it, FUNDICIONES R\u00cdO EBRO collected the [&hellip;]\" \/>\n<meta property=\"og:url\" content=\"https:\/\/www.fundicionesrioebro.com\/en\/fundiciones-rio-ebro-recoge-el-sello-rsa-2023\/\" \/>\n<meta property=\"og:site_name\" content=\"Fundiciones R\u00edo Ebro\" \/>\n<meta property=\"article:published_time\" content=\"2022-12-05T13:19:29+00:00\" \/>\n<meta property=\"article:modified_time\" content=\"2022-12-12T08:45:04+00:00\" \/>\n<meta property=\"og:image\" content=\"https:\/\/www.fundicionesrioebro.com\/wp-content\/uploads\/Ega-1-12-22-SELLO-2023-RSA-6-scaled.jpg\" \/>\n\t<meta property=\"og:image:width\" content=\"2449\" \/>\n\t<meta property=\"og:image:height\" content=\"2560\" \/>\n\t<meta property=\"og:image:type\" content=\"image\/jpeg\" \/>\n<meta name=\"author\" content=\"RioEbroEditor\" \/>\n<meta name=\"twitter:card\" content=\"summary_large_image\" \/>\n<meta name=\"twitter:label1\" content=\"Written by\" \/>\n\t<meta name=\"twitter:data1\" content=\"RioEbroEditor\" \/>\n\t<meta name=\"twitter:label2\" content=\"Est. reading time\" \/>\n\t<meta name=\"twitter:data2\" content=\"1 minute\" \/>\n<script type=\"application\/ld+json\" class=\"yoast-schema-graph\">{\"@context\":\"https:\\\/\\\/schema.org\",\"@graph\":[{\"@type\":\"Article\",\"@id\":\"https:\\\/\\\/www.fundicionesrioebro.com\\\/en\\\/fundiciones-rio-ebro-recoge-el-sello-rsa-2023\\\/#article\",\"isPartOf\":{\"@id\":\"https:\\\/\\\/www.fundicionesrioebro.com\\\/en\\\/fundiciones-rio-ebro-recoge-el-sello-rsa-2023\\\/\"},\"author\":{\"name\":\"RioEbroEditor\",\"@id\":\"https:\\\/\\\/www.fundicionesrioebro.com\\\/#\\\/schema\\\/person\\\/d064f63d6b35c130286bc85dba5738dd\"},\"headline\":\"FUNDICIONES R\u00cdO EBRO COLLECT THE SRA 2023 SEAL\",\"datePublished\":\"2022-12-05T13:19:29+00:00\",\"dateModified\":\"2022-12-12T08:45:04+00:00\",\"mainEntityOfPage\":{\"@id\":\"https:\\\/\\\/www.fundicionesrioebro.com\\\/en\\\/fundiciones-rio-ebro-recoge-el-sello-rsa-2023\\\/\"},\"wordCount\":126,\"commentCount\":0,\"publisher\":{\"@id\":\"https:\\\/\\\/www.fundicionesrioebro.com\\\/#organization\"},\"image\":{\"@id\":\"https:\\\/\\\/www.fundicionesrioebro.com\\\/en\\\/fundiciones-rio-ebro-recoge-el-sello-rsa-2023\\\/#primaryimage\"},\"thumbnailUrl\":\"https:\\\/\\\/www.fundicionesrioebro.com\\\/wp-content\\\/uploads\\\/Ega-1-12-22-SELLO-2023-RSA-6-scaled.jpg\",\"inLanguage\":\"en-US\",\"potentialAction\":[{\"@type\":\"CommentAction\",\"name\":\"Comment\",\"target\":[\"https:\\\/\\\/www.fundicionesrioebro.com\\\/en\\\/fundiciones-rio-ebro-recoge-el-sello-rsa-2023\\\/#respond\"]}]},{\"@type\":\"WebPage\",\"@id\":\"https:\\\/\\\/www.fundicionesrioebro.com\\\/en\\\/fundiciones-rio-ebro-recoge-el-sello-rsa-2023\\\/\",\"url\":\"https:\\\/\\\/www.fundicionesrioebro.com\\\/en\\\/fundiciones-rio-ebro-recoge-el-sello-rsa-2023\\\/\",\"name\":\"FUNDICIONES R\u00cdO EBRO COLLECT THE SRA 2023 SEAL | Fundiciones R\u00edo Ebro\",\"isPartOf\":{\"@id\":\"https:\\\/\\\/www.fundicionesrioebro.com\\\/#website\"},\"primaryImageOfPage\":{\"@id\":\"https:\\\/\\\/www.fundicionesrioebro.com\\\/en\\\/fundiciones-rio-ebro-recoge-el-sello-rsa-2023\\\/#primaryimage\"},\"image\":{\"@id\":\"https:\\\/\\\/www.fundicionesrioebro.com\\\/en\\\/fundiciones-rio-ebro-recoge-el-sello-rsa-2023\\\/#primaryimage\"},\"thumbnailUrl\":\"https:\\\/\\\/www.fundicionesrioebro.com\\\/wp-content\\\/uploads\\\/Ega-1-12-22-SELLO-2023-RSA-6-scaled.jpg\",\"datePublished\":\"2022-12-05T13:19:29+00:00\",\"dateModified\":\"2022-12-12T08:45:04+00:00\",\"breadcrumb\":{\"@id\":\"https:\\\/\\\/www.fundicionesrioebro.com\\\/en\\\/fundiciones-rio-ebro-recoge-el-sello-rsa-2023\\\/#breadcrumb\"},\"inLanguage\":\"en-US\",\"potentialAction\":[{\"@type\":\"ReadAction\",\"target\":[\"https:\\\/\\\/www.fundicionesrioebro.com\\\/en\\\/fundiciones-rio-ebro-recoge-el-sello-rsa-2023\\\/\"]}]},{\"@type\":\"ImageObject\",\"inLanguage\":\"en-US\",\"@id\":\"https:\\\/\\\/www.fundicionesrioebro.com\\\/en\\\/fundiciones-rio-ebro-recoge-el-sello-rsa-2023\\\/#primaryimage\",\"url\":\"https:\\\/\\\/www.fundicionesrioebro.com\\\/wp-content\\\/uploads\\\/Ega-1-12-22-SELLO-2023-RSA-6-scaled.jpg\",\"contentUrl\":\"https:\\\/\\\/www.fundicionesrioebro.com\\\/wp-content\\\/uploads\\\/Ega-1-12-22-SELLO-2023-RSA-6-scaled.jpg\",\"width\":2449,\"height\":2560},{\"@type\":\"BreadcrumbList\",\"@id\":\"https:\\\/\\\/www.fundicionesrioebro.com\\\/en\\\/fundiciones-rio-ebro-recoge-el-sello-rsa-2023\\\/#breadcrumb\",\"itemListElement\":[{\"@type\":\"ListItem\",\"position\":1,\"name\":\"Portada\",\"item\":\"https:\\\/\\\/www.fundicionesrioebro.com\\\/en\\\/\"},{\"@type\":\"ListItem\",\"position\":2,\"name\":\"FUNDICIONES R\u00cdO EBRO COLLECT THE SRA 2023 SEAL\"}]},{\"@type\":\"WebSite\",\"@id\":\"https:\\\/\\\/www.fundicionesrioebro.com\\\/#website\",\"url\":\"https:\\\/\\\/www.fundicionesrioebro.com\\\/\",\"name\":\"Fundiciones R\u00edo Ebro\",\"description\":\"Fundici\u00f3n de lat\u00f3n y bronce a coquilla y c\u00e1scara\",\"publisher\":{\"@id\":\"https:\\\/\\\/www.fundicionesrioebro.com\\\/#organization\"},\"potentialAction\":[{\"@type\":\"SearchAction\",\"target\":{\"@type\":\"EntryPoint\",\"urlTemplate\":\"https:\\\/\\\/www.fundicionesrioebro.com\\\/?s={search_term_string}\"},\"query-input\":{\"@type\":\"PropertyValueSpecification\",\"valueRequired\":true,\"valueName\":\"search_term_string\"}}],\"inLanguage\":\"en-US\"},{\"@type\":\"Organization\",\"@id\":\"https:\\\/\\\/www.fundicionesrioebro.com\\\/#organization\",\"name\":\"Fundiciones R\u00edo Ebro\",\"url\":\"https:\\\/\\\/www.fundicionesrioebro.com\\\/\",\"logo\":{\"@type\":\"ImageObject\",\"inLanguage\":\"en-US\",\"@id\":\"https:\\\/\\\/www.fundicionesrioebro.com\\\/#\\\/schema\\\/logo\\\/image\\\/\",\"url\":\"https:\\\/\\\/www.fundicionesrioebro.com\\\/wp-content\\\/uploads\\\/2019\\\/07\\\/fundiciones-rio-ebro-logo.jpg\",\"contentUrl\":\"https:\\\/\\\/www.fundicionesrioebro.com\\\/wp-content\\\/uploads\\\/2019\\\/07\\\/fundiciones-rio-ebro-logo.jpg\",\"width\":444,\"height\":143,\"caption\":\"Fundiciones R\u00edo Ebro\"},\"image\":{\"@id\":\"https:\\\/\\\/www.fundicionesrioebro.com\\\/#\\\/schema\\\/logo\\\/image\\\/\"}},{\"@type\":\"Person\",\"@id\":\"https:\\\/\\\/www.fundicionesrioebro.com\\\/#\\\/schema\\\/person\\\/d064f63d6b35c130286bc85dba5738dd\",\"name\":\"RioEbroEditor\",\"image\":{\"@type\":\"ImageObject\",\"inLanguage\":\"en-US\",\"@id\":\"https:\\\/\\\/secure.gravatar.com\\\/avatar\\\/f0d23277f83505ad5117f91e699de3a722680129bca99c8b67edfddbf9183b21?s=96&d=mm&r=g\",\"url\":\"https:\\\/\\\/secure.gravatar.com\\\/avatar\\\/f0d23277f83505ad5117f91e699de3a722680129bca99c8b67edfddbf9183b21?s=96&d=mm&r=g\",\"contentUrl\":\"https:\\\/\\\/secure.gravatar.com\\\/avatar\\\/f0d23277f83505ad5117f91e699de3a722680129bca99c8b67edfddbf9183b21?s=96&d=mm&r=g\",\"caption\":\"RioEbroEditor\"}}]}<\/script>\n<!-- \/ Yoast SEO plugin. -->","yoast_head_json":{"title":"FUNDICIONES R\u00cdO EBRO COLLECT THE SRA 2023 SEAL | Fundiciones R\u00edo Ebro","robots":{"index":"index","follow":"follow","max-snippet":"max-snippet:-1","max-image-preview":"max-image-preview:large","max-video-preview":"max-video-preview:-1"},"canonical":"https:\/\/www.fundicionesrioebro.com\/en\/fundiciones-rio-ebro-recoge-el-sello-rsa-2023\/","og_locale":"en_US","og_type":"article","og_title":"FUNDICIONES R\u00cdO EBRO COLLECT THE SRA 2023 SEAL | Fundiciones R\u00edo Ebro","og_description":"On December 1st, convened by the Government of Aragon, through the ADI (Aragonese Development Institute) and together with business and trade union organisations, the annual Social Responsibility Day in Aragon was held in the Mozart Hall of the Zaragoza Auditorium where, after having passed the necessary procedures to obtain it, FUNDICIONES R\u00cdO EBRO collected the [&hellip;]","og_url":"https:\/\/www.fundicionesrioebro.com\/en\/fundiciones-rio-ebro-recoge-el-sello-rsa-2023\/","og_site_name":"Fundiciones R\u00edo Ebro","article_published_time":"2022-12-05T13:19:29+00:00","article_modified_time":"2022-12-12T08:45:04+00:00","og_image":[{"width":2449,"height":2560,"url":"https:\/\/www.fundicionesrioebro.com\/wp-content\/uploads\/Ega-1-12-22-SELLO-2023-RSA-6-scaled.jpg","type":"image\/jpeg"}],"author":"RioEbroEditor","twitter_card":"summary_large_image","twitter_misc":{"Written by":"RioEbroEditor","Est. reading time":"1 minute"},"schema":{"@context":"https:\/\/schema.org","@graph":[{"@type":"Article","@id":"https:\/\/www.fundicionesrioebro.com\/en\/fundiciones-rio-ebro-recoge-el-sello-rsa-2023\/#article","isPartOf":{"@id":"https:\/\/www.fundicionesrioebro.com\/en\/fundiciones-rio-ebro-recoge-el-sello-rsa-2023\/"},"author":{"name":"RioEbroEditor","@id":"https:\/\/www.fundicionesrioebro.com\/#\/schema\/person\/d064f63d6b35c130286bc85dba5738dd"},"headline":"FUNDICIONES R\u00cdO EBRO COLLECT THE SRA 2023 SEAL","datePublished":"2022-12-05T13:19:29+00:00","dateModified":"2022-12-12T08:45:04+00:00","mainEntityOfPage":{"@id":"https:\/\/www.fundicionesrioebro.com\/en\/fundiciones-rio-ebro-recoge-el-sello-rsa-2023\/"},"wordCount":126,"commentCount":0,"publisher":{"@id":"https:\/\/www.fundicionesrioebro.com\/#organization"},"image":{"@id":"https:\/\/www.fundicionesrioebro.com\/en\/fundiciones-rio-ebro-recoge-el-sello-rsa-2023\/#primaryimage"},"thumbnailUrl":"https:\/\/www.fundicionesrioebro.com\/wp-content\/uploads\/Ega-1-12-22-SELLO-2023-RSA-6-scaled.jpg","inLanguage":"en-US","potentialAction":[{"@type":"CommentAction","name":"Comment","target":["https:\/\/www.fundicionesrioebro.com\/en\/fundiciones-rio-ebro-recoge-el-sello-rsa-2023\/#respond"]}]},{"@type":"WebPage","@id":"https:\/\/www.fundicionesrioebro.com\/en\/fundiciones-rio-ebro-recoge-el-sello-rsa-2023\/","url":"https:\/\/www.fundicionesrioebro.com\/en\/fundiciones-rio-ebro-recoge-el-sello-rsa-2023\/","name":"FUNDICIONES R\u00cdO EBRO COLLECT THE SRA 2023 SEAL | Fundiciones R\u00edo Ebro","isPartOf":{"@id":"https:\/\/www.fundicionesrioebro.com\/#website"},"primaryImageOfPage":{"@id":"https:\/\/www.fundicionesrioebro.com\/en\/fundiciones-rio-ebro-recoge-el-sello-rsa-2023\/#primaryimage"},"image":{"@id":"https:\/\/www.fundicionesrioebro.com\/en\/fundiciones-rio-ebro-recoge-el-sello-rsa-2023\/#primaryimage"},"thumbnailUrl":"https:\/\/www.fundicionesrioebro.com\/wp-content\/uploads\/Ega-1-12-22-SELLO-2023-RSA-6-scaled.jpg","datePublished":"2022-12-05T13:19:29+00:00","dateModified":"2022-12-12T08:45:04+00:00","breadcrumb":{"@id":"https:\/\/www.fundicionesrioebro.com\/en\/fundiciones-rio-ebro-recoge-el-sello-rsa-2023\/#breadcrumb"},"inLanguage":"en-US","potentialAction":[{"@type":"ReadAction","target":["https:\/\/www.fundicionesrioebro.com\/en\/fundiciones-rio-ebro-recoge-el-sello-rsa-2023\/"]}]},{"@type":"ImageObject","inLanguage":"en-US","@id":"https:\/\/www.fundicionesrioebro.com\/en\/fundiciones-rio-ebro-recoge-el-sello-rsa-2023\/#primaryimage","url":"https:\/\/www.fundicionesrioebro.com\/wp-content\/uploads\/Ega-1-12-22-SELLO-2023-RSA-6-scaled.jpg","contentUrl":"https:\/\/www.fundicionesrioebro.com\/wp-content\/uploads\/Ega-1-12-22-SELLO-2023-RSA-6-scaled.jpg","width":2449,"height":2560},{"@type":"BreadcrumbList","@id":"https:\/\/www.fundicionesrioebro.com\/en\/fundiciones-rio-ebro-recoge-el-sello-rsa-2023\/#breadcrumb","itemListElement":[{"@type":"ListItem","position":1,"name":"Portada","item":"https:\/\/www.fundicionesrioebro.com\/en\/"},{"@type":"ListItem","position":2,"name":"FUNDICIONES R\u00cdO EBRO COLLECT THE SRA 2023 SEAL"}]},{"@type":"WebSite","@id":"https:\/\/www.fundicionesrioebro.com\/#website","url":"https:\/\/www.fundicionesrioebro.com\/","name":"Fundiciones R\u00edo Ebro","description":"Fundici\u00f3n de lat\u00f3n y bronce a coquilla y c\u00e1scara","publisher":{"@id":"https:\/\/www.fundicionesrioebro.com\/#organization"},"potentialAction":[{"@type":"SearchAction","target":{"@type":"EntryPoint","urlTemplate":"https:\/\/www.fundicionesrioebro.com\/?s={search_term_string}"},"query-input":{"@type":"PropertyValueSpecification","valueRequired":true,"valueName":"search_term_string"}}],"inLanguage":"en-US"},{"@type":"Organization","@id":"https:\/\/www.fundicionesrioebro.com\/#organization","name":"Fundiciones R\u00edo Ebro","url":"https:\/\/www.fundicionesrioebro.com\/","logo":{"@type":"ImageObject","inLanguage":"en-US","@id":"https:\/\/www.fundicionesrioebro.com\/#\/schema\/logo\/image\/","url":"https:\/\/www.fundicionesrioebro.com\/wp-content\/uploads\/2019\/07\/fundiciones-rio-ebro-logo.jpg","contentUrl":"https:\/\/www.fundicionesrioebro.com\/wp-content\/uploads\/2019\/07\/fundiciones-rio-ebro-logo.jpg","width":444,"height":143,"caption":"Fundiciones R\u00edo Ebro"},"image":{"@id":"https:\/\/www.fundicionesrioebro.com\/#\/schema\/logo\/image\/"}},{"@type":"Person","@id":"https:\/\/www.fundicionesrioebro.com\/#\/schema\/person\/d064f63d6b35c130286bc85dba5738dd","name":"RioEbroEditor","image":{"@type":"ImageObject","inLanguage":"en-US","@id":"https:\/\/secure.gravatar.com\/avatar\/f0d23277f83505ad5117f91e699de3a722680129bca99c8b67edfddbf9183b21?s=96&d=mm&r=g","url":"https:\/\/secure.gravatar.com\/avatar\/f0d23277f83505ad5117f91e699de3a722680129bca99c8b67edfddbf9183b21?s=96&d=mm&r=g","contentUrl":"https:\/\/secure.gravatar.com\/avatar\/f0d23277f83505ad5117f91e699de3a722680129bca99c8b67edfddbf9183b21?s=96&d=mm&r=g","caption":"RioEbroEditor"}}]}},"_links":{"self":[{"href":"https:\/\/www.fundicionesrioebro.com\/en\/wp-json\/wp\/v2\/posts\/1665","targetHints":{"allow":["GET"]}}],"collection":[{"href":"https:\/\/www.fundicionesrioebro.com\/en\/wp-json\/wp\/v2\/posts"}],"about":[{"href":"https:\/\/www.fundicionesrioebro.com\/en\/wp-json\/wp\/v2\/types\/post"}],"author":[{"embeddable":true,"href":"https:\/\/www.fundicionesrioebro.com\/en\/wp-json\/wp\/v2\/users\/3"}],"replies":[{"embeddable":true,"href":"https:\/\/www.fundicionesrioebro.com\/en\/wp-json\/wp\/v2\/comments?post=1665"}],"version-history":[{"count":1,"href":"https:\/\/www.fundicionesrioebro.com\/en\/wp-json\/wp\/v2\/posts\/1665\/revisions"}],"predecessor-version":[{"id":1667,"href":"https:\/\/www.fundicionesrioebro.com\/en\/wp-json\/wp\/v2\/posts\/1665\/revisions\/1667"}],"wp:featuredmedia":[{"embeddable":true,"href":"https:\/\/www.fundicionesrioebro.com\/en\/wp-json\/wp\/v2\/media\/1657"}],"wp:attachment":[{"href":"https:\/\/www.fundicionesrioebro.com\/en\/wp-json\/wp\/v2\/media?parent=1665"}],"wp:term":[{"taxonomy":"category","embeddable":true,"href":"https:\/\/www.fundicionesrioebro.com\/en\/wp-json\/wp\/v2\/categories?post=1665"},{"taxonomy":"post_tag","embeddable":true,"href":"https:\/\/www.fundicionesrioebro.com\/en\/wp-json\/wp\/v2\/tags?post=1665"}],"curies":[{"name":"wp","href":"https:\/\/api.w.org\/{rel}","templated":true}]}}