{"id":1835,"date":"2024-04-05T13:52:00","date_gmt":"2024-04-05T11:52:00","guid":{"rendered":"https:\/\/www.fundicionesrioebro.com\/?p=1835"},"modified":"2024-05-23T14:24:08","modified_gmt":"2024-05-23T12:24:08","slug":"midest-2024-fair-data-paris-france","status":"publish","type":"post","link":"https:\/\/www.fundicionesrioebro.com\/en\/midest-2024-fair-data-paris-france\/","title":{"rendered":"MIDEST 2024 FAIR DATA Paris (France)"},"content":{"rendered":"\n<p class=\"wp-block-paragraph\">The GLOBAL INDUSTRIE trade fair took place from 25 to 28 March at the Paris Nord Villepinte exhibition centre.&nbsp; It is one of the most important industrial events in Europe and includes four monographic events (MIDEST, INDUSTRIE, TOLEXPO and SMART INDUSTRIES).<\/p>\n\n\n\n<p class=\"wp-block-paragraph\">This year brought together 2,300 exhibitors and nearly 34,000 visitors.&nbsp; The globalisation of international markets and the interest in knowing and showing the &#8220;know-how&#8221; of products manufactured in Europe, favoured the presence of visitors from 86 countries and a participation of almost 25% of foreign exhibitors, the latter coming from 34 different countries.&nbsp; FUNDICIONES R\u00cdO EBRO took part in the exhibition, exhibiting an extensive catalogue of castings and machined parts related to the most important international production sectors.<\/p>\n\n\n\n<p class=\"wp-block-paragraph\">It should be noted that for the manufacture of the exhibited pieces, FUNDICIONES R\u00cdO EBRO has used industrial equipment adapted to the new energy, digital and ecological transitions that we are facing nowadays.<\/p>\n\n\n\n<p class=\"wp-block-paragraph\">The next edition of the MIDEST Fair will be held in Lyon in March 2025, see you then!<\/p>\n","protected":false},"excerpt":{"rendered":"<p>The GLOBAL INDUSTRIE trade fair took place from 25 to 28 March at the Paris Nord Villepinte exhibition centre.&nbsp; It is one of the most important industrial events in Europe and includes four monographic events (MIDEST, INDUSTRIE, TOLEXPO and SMART INDUSTRIES). This year brought together 2,300 exhibitors and nearly 34,000 visitors.&nbsp; The globalisation of international [&hellip;]<\/p>\n","protected":false},"author":3,"featured_media":1840,"comment_status":"open","ping_status":"open","sticky":false,"template":"","format":"standard","meta":{"footnotes":""},"categories":[5],"tags":[],"class_list":["post-1835","post","type-post","status-publish","format-standard","has-post-thumbnail","hentry","category-uncategorized"],"yoast_head":"<!-- This site is optimized with the Yoast SEO plugin v28.1 - https:\/\/yoast.com\/product\/yoast-seo-wordpress\/ -->\n<title>MIDEST 2024 FAIR DATA Paris (France) | Fundiciones R\u00edo Ebro<\/title>\n<meta name=\"robots\" content=\"index, follow, max-snippet:-1, max-image-preview:large, max-video-preview:-1\" \/>\n<link rel=\"canonical\" href=\"https:\/\/www.fundicionesrioebro.com\/en\/midest-2024-fair-data-paris-france\/\" \/>\n<meta property=\"og:locale\" content=\"en_US\" \/>\n<meta property=\"og:type\" content=\"article\" \/>\n<meta property=\"og:title\" content=\"MIDEST 2024 FAIR DATA Paris (France) | Fundiciones R\u00edo Ebro\" \/>\n<meta property=\"og:description\" content=\"The GLOBAL INDUSTRIE trade fair took place from 25 to 28 March at the Paris Nord Villepinte exhibition centre.&nbsp; It is one of the most important industrial events in Europe and includes four monographic events (MIDEST, INDUSTRIE, TOLEXPO and SMART INDUSTRIES). This year brought together 2,300 exhibitors and nearly 34,000 visitors.&nbsp; The globalisation of international [&hellip;]\" \/>\n<meta property=\"og:url\" content=\"https:\/\/www.fundicionesrioebro.com\/en\/midest-2024-fair-data-paris-france\/\" \/>\n<meta property=\"og:site_name\" content=\"Fundiciones R\u00edo Ebro\" \/>\n<meta property=\"article:published_time\" content=\"2024-04-05T11:52:00+00:00\" \/>\n<meta property=\"article:modified_time\" content=\"2024-05-23T12:24:08+00:00\" \/>\n<meta property=\"og:image\" content=\"https:\/\/www.fundicionesrioebro.com\/wp-content\/uploads\/FERIA-PARIS-2024-1.jpg\" \/>\n\t<meta property=\"og:image:width\" content=\"899\" \/>\n\t<meta property=\"og:image:height\" content=\"1120\" \/>\n\t<meta property=\"og:image:type\" content=\"image\/jpeg\" \/>\n<meta name=\"author\" content=\"RioEbroEditor\" \/>\n<meta name=\"twitter:card\" content=\"summary_large_image\" \/>\n<meta name=\"twitter:label1\" content=\"Written by\" \/>\n\t<meta name=\"twitter:data1\" content=\"RioEbroEditor\" \/>\n\t<meta name=\"twitter:label2\" content=\"Est. reading time\" \/>\n\t<meta name=\"twitter:data2\" content=\"1 minute\" \/>\n<script type=\"application\/ld+json\" class=\"yoast-schema-graph\">{\"@context\":\"https:\\\/\\\/schema.org\",\"@graph\":[{\"@type\":\"Article\",\"@id\":\"https:\\\/\\\/www.fundicionesrioebro.com\\\/en\\\/midest-2024-fair-data-paris-france\\\/#article\",\"isPartOf\":{\"@id\":\"https:\\\/\\\/www.fundicionesrioebro.com\\\/en\\\/midest-2024-fair-data-paris-france\\\/\"},\"author\":{\"name\":\"RioEbroEditor\",\"@id\":\"https:\\\/\\\/www.fundicionesrioebro.com\\\/#\\\/schema\\\/person\\\/d064f63d6b35c130286bc85dba5738dd\"},\"headline\":\"MIDEST 2024 FAIR DATA Paris (France)\",\"datePublished\":\"2024-04-05T11:52:00+00:00\",\"dateModified\":\"2024-05-23T12:24:08+00:00\",\"mainEntityOfPage\":{\"@id\":\"https:\\\/\\\/www.fundicionesrioebro.com\\\/en\\\/midest-2024-fair-data-paris-france\\\/\"},\"wordCount\":172,\"commentCount\":0,\"publisher\":{\"@id\":\"https:\\\/\\\/www.fundicionesrioebro.com\\\/#organization\"},\"image\":{\"@id\":\"https:\\\/\\\/www.fundicionesrioebro.com\\\/en\\\/midest-2024-fair-data-paris-france\\\/#primaryimage\"},\"thumbnailUrl\":\"https:\\\/\\\/www.fundicionesrioebro.com\\\/wp-content\\\/uploads\\\/FERIA-PARIS-2024-1.jpg\",\"inLanguage\":\"en-US\",\"potentialAction\":[{\"@type\":\"CommentAction\",\"name\":\"Comment\",\"target\":[\"https:\\\/\\\/www.fundicionesrioebro.com\\\/en\\\/midest-2024-fair-data-paris-france\\\/#respond\"]}]},{\"@type\":\"WebPage\",\"@id\":\"https:\\\/\\\/www.fundicionesrioebro.com\\\/en\\\/midest-2024-fair-data-paris-france\\\/\",\"url\":\"https:\\\/\\\/www.fundicionesrioebro.com\\\/en\\\/midest-2024-fair-data-paris-france\\\/\",\"name\":\"MIDEST 2024 FAIR DATA Paris (France) | Fundiciones R\u00edo Ebro\",\"isPartOf\":{\"@id\":\"https:\\\/\\\/www.fundicionesrioebro.com\\\/#website\"},\"primaryImageOfPage\":{\"@id\":\"https:\\\/\\\/www.fundicionesrioebro.com\\\/en\\\/midest-2024-fair-data-paris-france\\\/#primaryimage\"},\"image\":{\"@id\":\"https:\\\/\\\/www.fundicionesrioebro.com\\\/en\\\/midest-2024-fair-data-paris-france\\\/#primaryimage\"},\"thumbnailUrl\":\"https:\\\/\\\/www.fundicionesrioebro.com\\\/wp-content\\\/uploads\\\/FERIA-PARIS-2024-1.jpg\",\"datePublished\":\"2024-04-05T11:52:00+00:00\",\"dateModified\":\"2024-05-23T12:24:08+00:00\",\"breadcrumb\":{\"@id\":\"https:\\\/\\\/www.fundicionesrioebro.com\\\/en\\\/midest-2024-fair-data-paris-france\\\/#breadcrumb\"},\"inLanguage\":\"en-US\",\"potentialAction\":[{\"@type\":\"ReadAction\",\"target\":[\"https:\\\/\\\/www.fundicionesrioebro.com\\\/en\\\/midest-2024-fair-data-paris-france\\\/\"]}]},{\"@type\":\"ImageObject\",\"inLanguage\":\"en-US\",\"@id\":\"https:\\\/\\\/www.fundicionesrioebro.com\\\/en\\\/midest-2024-fair-data-paris-france\\\/#primaryimage\",\"url\":\"https:\\\/\\\/www.fundicionesrioebro.com\\\/wp-content\\\/uploads\\\/FERIA-PARIS-2024-1.jpg\",\"contentUrl\":\"https:\\\/\\\/www.fundicionesrioebro.com\\\/wp-content\\\/uploads\\\/FERIA-PARIS-2024-1.jpg\",\"width\":899,\"height\":1120},{\"@type\":\"BreadcrumbList\",\"@id\":\"https:\\\/\\\/www.fundicionesrioebro.com\\\/en\\\/midest-2024-fair-data-paris-france\\\/#breadcrumb\",\"itemListElement\":[{\"@type\":\"ListItem\",\"position\":1,\"name\":\"Portada\",\"item\":\"https:\\\/\\\/www.fundicionesrioebro.com\\\/en\\\/\"},{\"@type\":\"ListItem\",\"position\":2,\"name\":\"MIDEST 2024 FAIR DATA Paris (France)\"}]},{\"@type\":\"WebSite\",\"@id\":\"https:\\\/\\\/www.fundicionesrioebro.com\\\/#website\",\"url\":\"https:\\\/\\\/www.fundicionesrioebro.com\\\/\",\"name\":\"Fundiciones R\u00edo Ebro\",\"description\":\"Fundici\u00f3n de lat\u00f3n y bronce a coquilla y c\u00e1scara\",\"publisher\":{\"@id\":\"https:\\\/\\\/www.fundicionesrioebro.com\\\/#organization\"},\"potentialAction\":[{\"@type\":\"SearchAction\",\"target\":{\"@type\":\"EntryPoint\",\"urlTemplate\":\"https:\\\/\\\/www.fundicionesrioebro.com\\\/?s={search_term_string}\"},\"query-input\":{\"@type\":\"PropertyValueSpecification\",\"valueRequired\":true,\"valueName\":\"search_term_string\"}}],\"inLanguage\":\"en-US\"},{\"@type\":\"Organization\",\"@id\":\"https:\\\/\\\/www.fundicionesrioebro.com\\\/#organization\",\"name\":\"Fundiciones R\u00edo Ebro\",\"url\":\"https:\\\/\\\/www.fundicionesrioebro.com\\\/\",\"logo\":{\"@type\":\"ImageObject\",\"inLanguage\":\"en-US\",\"@id\":\"https:\\\/\\\/www.fundicionesrioebro.com\\\/#\\\/schema\\\/logo\\\/image\\\/\",\"url\":\"https:\\\/\\\/www.fundicionesrioebro.com\\\/wp-content\\\/uploads\\\/2019\\\/07\\\/fundiciones-rio-ebro-logo.jpg\",\"contentUrl\":\"https:\\\/\\\/www.fundicionesrioebro.com\\\/wp-content\\\/uploads\\\/2019\\\/07\\\/fundiciones-rio-ebro-logo.jpg\",\"width\":444,\"height\":143,\"caption\":\"Fundiciones R\u00edo Ebro\"},\"image\":{\"@id\":\"https:\\\/\\\/www.fundicionesrioebro.com\\\/#\\\/schema\\\/logo\\\/image\\\/\"}},{\"@type\":\"Person\",\"@id\":\"https:\\\/\\\/www.fundicionesrioebro.com\\\/#\\\/schema\\\/person\\\/d064f63d6b35c130286bc85dba5738dd\",\"name\":\"RioEbroEditor\",\"image\":{\"@type\":\"ImageObject\",\"inLanguage\":\"en-US\",\"@id\":\"https:\\\/\\\/secure.gravatar.com\\\/avatar\\\/f0d23277f83505ad5117f91e699de3a722680129bca99c8b67edfddbf9183b21?s=96&d=mm&r=g\",\"url\":\"https:\\\/\\\/secure.gravatar.com\\\/avatar\\\/f0d23277f83505ad5117f91e699de3a722680129bca99c8b67edfddbf9183b21?s=96&d=mm&r=g\",\"contentUrl\":\"https:\\\/\\\/secure.gravatar.com\\\/avatar\\\/f0d23277f83505ad5117f91e699de3a722680129bca99c8b67edfddbf9183b21?s=96&d=mm&r=g\",\"caption\":\"RioEbroEditor\"}}]}<\/script>\n<!-- \/ Yoast SEO plugin. -->","yoast_head_json":{"title":"MIDEST 2024 FAIR DATA Paris (France) | Fundiciones R\u00edo Ebro","robots":{"index":"index","follow":"follow","max-snippet":"max-snippet:-1","max-image-preview":"max-image-preview:large","max-video-preview":"max-video-preview:-1"},"canonical":"https:\/\/www.fundicionesrioebro.com\/en\/midest-2024-fair-data-paris-france\/","og_locale":"en_US","og_type":"article","og_title":"MIDEST 2024 FAIR DATA Paris (France) | Fundiciones R\u00edo Ebro","og_description":"The GLOBAL INDUSTRIE trade fair took place from 25 to 28 March at the Paris Nord Villepinte exhibition centre.&nbsp; It is one of the most important industrial events in Europe and includes four monographic events (MIDEST, INDUSTRIE, TOLEXPO and SMART INDUSTRIES). This year brought together 2,300 exhibitors and nearly 34,000 visitors.&nbsp; The globalisation of international [&hellip;]","og_url":"https:\/\/www.fundicionesrioebro.com\/en\/midest-2024-fair-data-paris-france\/","og_site_name":"Fundiciones R\u00edo Ebro","article_published_time":"2024-04-05T11:52:00+00:00","article_modified_time":"2024-05-23T12:24:08+00:00","og_image":[{"width":899,"height":1120,"url":"https:\/\/www.fundicionesrioebro.com\/wp-content\/uploads\/FERIA-PARIS-2024-1.jpg","type":"image\/jpeg"}],"author":"RioEbroEditor","twitter_card":"summary_large_image","twitter_misc":{"Written by":"RioEbroEditor","Est. reading time":"1 minute"},"schema":{"@context":"https:\/\/schema.org","@graph":[{"@type":"Article","@id":"https:\/\/www.fundicionesrioebro.com\/en\/midest-2024-fair-data-paris-france\/#article","isPartOf":{"@id":"https:\/\/www.fundicionesrioebro.com\/en\/midest-2024-fair-data-paris-france\/"},"author":{"name":"RioEbroEditor","@id":"https:\/\/www.fundicionesrioebro.com\/#\/schema\/person\/d064f63d6b35c130286bc85dba5738dd"},"headline":"MIDEST 2024 FAIR DATA Paris (France)","datePublished":"2024-04-05T11:52:00+00:00","dateModified":"2024-05-23T12:24:08+00:00","mainEntityOfPage":{"@id":"https:\/\/www.fundicionesrioebro.com\/en\/midest-2024-fair-data-paris-france\/"},"wordCount":172,"commentCount":0,"publisher":{"@id":"https:\/\/www.fundicionesrioebro.com\/#organization"},"image":{"@id":"https:\/\/www.fundicionesrioebro.com\/en\/midest-2024-fair-data-paris-france\/#primaryimage"},"thumbnailUrl":"https:\/\/www.fundicionesrioebro.com\/wp-content\/uploads\/FERIA-PARIS-2024-1.jpg","inLanguage":"en-US","potentialAction":[{"@type":"CommentAction","name":"Comment","target":["https:\/\/www.fundicionesrioebro.com\/en\/midest-2024-fair-data-paris-france\/#respond"]}]},{"@type":"WebPage","@id":"https:\/\/www.fundicionesrioebro.com\/en\/midest-2024-fair-data-paris-france\/","url":"https:\/\/www.fundicionesrioebro.com\/en\/midest-2024-fair-data-paris-france\/","name":"MIDEST 2024 FAIR DATA Paris (France) | Fundiciones R\u00edo Ebro","isPartOf":{"@id":"https:\/\/www.fundicionesrioebro.com\/#website"},"primaryImageOfPage":{"@id":"https:\/\/www.fundicionesrioebro.com\/en\/midest-2024-fair-data-paris-france\/#primaryimage"},"image":{"@id":"https:\/\/www.fundicionesrioebro.com\/en\/midest-2024-fair-data-paris-france\/#primaryimage"},"thumbnailUrl":"https:\/\/www.fundicionesrioebro.com\/wp-content\/uploads\/FERIA-PARIS-2024-1.jpg","datePublished":"2024-04-05T11:52:00+00:00","dateModified":"2024-05-23T12:24:08+00:00","breadcrumb":{"@id":"https:\/\/www.fundicionesrioebro.com\/en\/midest-2024-fair-data-paris-france\/#breadcrumb"},"inLanguage":"en-US","potentialAction":[{"@type":"ReadAction","target":["https:\/\/www.fundicionesrioebro.com\/en\/midest-2024-fair-data-paris-france\/"]}]},{"@type":"ImageObject","inLanguage":"en-US","@id":"https:\/\/www.fundicionesrioebro.com\/en\/midest-2024-fair-data-paris-france\/#primaryimage","url":"https:\/\/www.fundicionesrioebro.com\/wp-content\/uploads\/FERIA-PARIS-2024-1.jpg","contentUrl":"https:\/\/www.fundicionesrioebro.com\/wp-content\/uploads\/FERIA-PARIS-2024-1.jpg","width":899,"height":1120},{"@type":"BreadcrumbList","@id":"https:\/\/www.fundicionesrioebro.com\/en\/midest-2024-fair-data-paris-france\/#breadcrumb","itemListElement":[{"@type":"ListItem","position":1,"name":"Portada","item":"https:\/\/www.fundicionesrioebro.com\/en\/"},{"@type":"ListItem","position":2,"name":"MIDEST 2024 FAIR DATA Paris (France)"}]},{"@type":"WebSite","@id":"https:\/\/www.fundicionesrioebro.com\/#website","url":"https:\/\/www.fundicionesrioebro.com\/","name":"Fundiciones R\u00edo Ebro","description":"Fundici\u00f3n de lat\u00f3n y bronce a coquilla y c\u00e1scara","publisher":{"@id":"https:\/\/www.fundicionesrioebro.com\/#organization"},"potentialAction":[{"@type":"SearchAction","target":{"@type":"EntryPoint","urlTemplate":"https:\/\/www.fundicionesrioebro.com\/?s={search_term_string}"},"query-input":{"@type":"PropertyValueSpecification","valueRequired":true,"valueName":"search_term_string"}}],"inLanguage":"en-US"},{"@type":"Organization","@id":"https:\/\/www.fundicionesrioebro.com\/#organization","name":"Fundiciones R\u00edo Ebro","url":"https:\/\/www.fundicionesrioebro.com\/","logo":{"@type":"ImageObject","inLanguage":"en-US","@id":"https:\/\/www.fundicionesrioebro.com\/#\/schema\/logo\/image\/","url":"https:\/\/www.fundicionesrioebro.com\/wp-content\/uploads\/2019\/07\/fundiciones-rio-ebro-logo.jpg","contentUrl":"https:\/\/www.fundicionesrioebro.com\/wp-content\/uploads\/2019\/07\/fundiciones-rio-ebro-logo.jpg","width":444,"height":143,"caption":"Fundiciones R\u00edo Ebro"},"image":{"@id":"https:\/\/www.fundicionesrioebro.com\/#\/schema\/logo\/image\/"}},{"@type":"Person","@id":"https:\/\/www.fundicionesrioebro.com\/#\/schema\/person\/d064f63d6b35c130286bc85dba5738dd","name":"RioEbroEditor","image":{"@type":"ImageObject","inLanguage":"en-US","@id":"https:\/\/secure.gravatar.com\/avatar\/f0d23277f83505ad5117f91e699de3a722680129bca99c8b67edfddbf9183b21?s=96&d=mm&r=g","url":"https:\/\/secure.gravatar.com\/avatar\/f0d23277f83505ad5117f91e699de3a722680129bca99c8b67edfddbf9183b21?s=96&d=mm&r=g","contentUrl":"https:\/\/secure.gravatar.com\/avatar\/f0d23277f83505ad5117f91e699de3a722680129bca99c8b67edfddbf9183b21?s=96&d=mm&r=g","caption":"RioEbroEditor"}}]}},"_links":{"self":[{"href":"https:\/\/www.fundicionesrioebro.com\/en\/wp-json\/wp\/v2\/posts\/1835","targetHints":{"allow":["GET"]}}],"collection":[{"href":"https:\/\/www.fundicionesrioebro.com\/en\/wp-json\/wp\/v2\/posts"}],"about":[{"href":"https:\/\/www.fundicionesrioebro.com\/en\/wp-json\/wp\/v2\/types\/post"}],"author":[{"embeddable":true,"href":"https:\/\/www.fundicionesrioebro.com\/en\/wp-json\/wp\/v2\/users\/3"}],"replies":[{"embeddable":true,"href":"https:\/\/www.fundicionesrioebro.com\/en\/wp-json\/wp\/v2\/comments?post=1835"}],"version-history":[{"count":2,"href":"https:\/\/www.fundicionesrioebro.com\/en\/wp-json\/wp\/v2\/posts\/1835\/revisions"}],"predecessor-version":[{"id":1843,"href":"https:\/\/www.fundicionesrioebro.com\/en\/wp-json\/wp\/v2\/posts\/1835\/revisions\/1843"}],"wp:featuredmedia":[{"embeddable":true,"href":"https:\/\/www.fundicionesrioebro.com\/en\/wp-json\/wp\/v2\/media\/1840"}],"wp:attachment":[{"href":"https:\/\/www.fundicionesrioebro.com\/en\/wp-json\/wp\/v2\/media?parent=1835"}],"wp:term":[{"taxonomy":"category","embeddable":true,"href":"https:\/\/www.fundicionesrioebro.com\/en\/wp-json\/wp\/v2\/categories?post=1835"},{"taxonomy":"post_tag","embeddable":true,"href":"https:\/\/www.fundicionesrioebro.com\/en\/wp-json\/wp\/v2\/tags?post=1835"}],"curies":[{"name":"wp","href":"https:\/\/api.w.org\/{rel}","templated":true}]}}