{"id":1877,"date":"2024-11-12T10:46:00","date_gmt":"2024-11-12T09:46:00","guid":{"rendered":"https:\/\/www.fundicionesrioebro.com\/?p=1877"},"modified":"2024-11-19T10:47:35","modified_gmt":"2024-11-19T09:47:35","slug":"solidarity-in-action-fundiciones-rio-ebro-with-the-valencian-community","status":"publish","type":"post","link":"https:\/\/www.fundicionesrioebro.com\/en\/solidarity-in-action-fundiciones-rio-ebro-with-the-valencian-community\/","title":{"rendered":"Solidarity in action: Fundiciones R\u00edo Ebro with the Valencian Community."},"content":{"rendered":"\n<p class=\"wp-block-paragraph\">We are proud to share that part of the human team of our company has taken a step forward, moving to Algemes\u00ed to support the people affected by the recent floods. The situation is devastating. We would like to express our gratitude to the people of Algemes\u00ed who have welcomed us with open arms, who have shared with us food, laughter and tears in these dramatic moments. Despite the difficulties, the positivity and strength of those who live there is inspiring and encourages us to continue helping.<br>The needs are still great, more support is still needed for those who have lost so much, let&#8217;s not forget them, every gesture counts in rebuilding their day to day lives. Heartfelt thanks to all of you who are making this shared effort possible.<\/p>\n","protected":false},"excerpt":{"rendered":"<p>We are proud to share that part of the human team of our company has taken a step forward, moving to Algemes\u00ed to support the people affected by the recent floods. The situation is devastating. We would like to express our gratitude to the people of Algemes\u00ed who have welcomed us with open arms, who [&hellip;]<\/p>\n","protected":false},"author":3,"featured_media":1876,"comment_status":"open","ping_status":"open","sticky":false,"template":"","format":"standard","meta":{"footnotes":""},"categories":[5],"tags":[],"class_list":["post-1877","post","type-post","status-publish","format-standard","has-post-thumbnail","hentry","category-uncategorized"],"yoast_head":"<!-- This site is optimized with the Yoast SEO plugin v28.1 - https:\/\/yoast.com\/product\/yoast-seo-wordpress\/ -->\n<title>Solidarity in action: Fundiciones R\u00edo Ebro with the Valencian Community. | Fundiciones R\u00edo Ebro<\/title>\n<meta name=\"robots\" content=\"index, follow, max-snippet:-1, max-image-preview:large, max-video-preview:-1\" \/>\n<link rel=\"canonical\" href=\"https:\/\/www.fundicionesrioebro.com\/en\/solidarity-in-action-fundiciones-rio-ebro-with-the-valencian-community\/\" \/>\n<meta property=\"og:locale\" content=\"en_US\" \/>\n<meta property=\"og:type\" content=\"article\" \/>\n<meta property=\"og:title\" content=\"Solidarity in action: Fundiciones R\u00edo Ebro with the Valencian Community. | Fundiciones R\u00edo Ebro\" \/>\n<meta property=\"og:description\" content=\"We are proud to share that part of the human team of our company has taken a step forward, moving to Algemes\u00ed to support the people affected by the recent floods. The situation is devastating. We would like to express our gratitude to the people of Algemes\u00ed who have welcomed us with open arms, who [&hellip;]\" \/>\n<meta property=\"og:url\" content=\"https:\/\/www.fundicionesrioebro.com\/en\/solidarity-in-action-fundiciones-rio-ebro-with-the-valencian-community\/\" \/>\n<meta property=\"og:site_name\" content=\"Fundiciones R\u00edo Ebro\" \/>\n<meta property=\"article:published_time\" content=\"2024-11-12T09:46:00+00:00\" \/>\n<meta property=\"article:modified_time\" content=\"2024-11-19T09:47:35+00:00\" \/>\n<meta property=\"og:image\" content=\"https:\/\/www.fundicionesrioebro.com\/wp-content\/uploads\/FOTO-WEB-ALGEMESI.png\" \/>\n\t<meta property=\"og:image:width\" content=\"615\" \/>\n\t<meta property=\"og:image:height\" content=\"425\" \/>\n\t<meta property=\"og:image:type\" content=\"image\/png\" \/>\n<meta name=\"author\" content=\"RioEbroEditor\" \/>\n<meta name=\"twitter:card\" content=\"summary_large_image\" \/>\n<meta name=\"twitter:label1\" content=\"Written by\" \/>\n\t<meta name=\"twitter:data1\" content=\"RioEbroEditor\" \/>\n\t<meta name=\"twitter:label2\" content=\"Est. reading time\" \/>\n\t<meta name=\"twitter:data2\" content=\"1 minute\" \/>\n<script type=\"application\/ld+json\" class=\"yoast-schema-graph\">{\"@context\":\"https:\\\/\\\/schema.org\",\"@graph\":[{\"@type\":\"Article\",\"@id\":\"https:\\\/\\\/www.fundicionesrioebro.com\\\/en\\\/solidarity-in-action-fundiciones-rio-ebro-with-the-valencian-community\\\/#article\",\"isPartOf\":{\"@id\":\"https:\\\/\\\/www.fundicionesrioebro.com\\\/en\\\/solidarity-in-action-fundiciones-rio-ebro-with-the-valencian-community\\\/\"},\"author\":{\"name\":\"RioEbroEditor\",\"@id\":\"https:\\\/\\\/www.fundicionesrioebro.com\\\/#\\\/schema\\\/person\\\/d064f63d6b35c130286bc85dba5738dd\"},\"headline\":\"Solidarity in action: Fundiciones R\u00edo Ebro with the Valencian Community.\",\"datePublished\":\"2024-11-12T09:46:00+00:00\",\"dateModified\":\"2024-11-19T09:47:35+00:00\",\"mainEntityOfPage\":{\"@id\":\"https:\\\/\\\/www.fundicionesrioebro.com\\\/en\\\/solidarity-in-action-fundiciones-rio-ebro-with-the-valencian-community\\\/\"},\"wordCount\":143,\"commentCount\":0,\"publisher\":{\"@id\":\"https:\\\/\\\/www.fundicionesrioebro.com\\\/#organization\"},\"image\":{\"@id\":\"https:\\\/\\\/www.fundicionesrioebro.com\\\/en\\\/solidarity-in-action-fundiciones-rio-ebro-with-the-valencian-community\\\/#primaryimage\"},\"thumbnailUrl\":\"https:\\\/\\\/www.fundicionesrioebro.com\\\/wp-content\\\/uploads\\\/FOTO-WEB-ALGEMESI.png\",\"inLanguage\":\"en-US\",\"potentialAction\":[{\"@type\":\"CommentAction\",\"name\":\"Comment\",\"target\":[\"https:\\\/\\\/www.fundicionesrioebro.com\\\/en\\\/solidarity-in-action-fundiciones-rio-ebro-with-the-valencian-community\\\/#respond\"]}]},{\"@type\":\"WebPage\",\"@id\":\"https:\\\/\\\/www.fundicionesrioebro.com\\\/en\\\/solidarity-in-action-fundiciones-rio-ebro-with-the-valencian-community\\\/\",\"url\":\"https:\\\/\\\/www.fundicionesrioebro.com\\\/en\\\/solidarity-in-action-fundiciones-rio-ebro-with-the-valencian-community\\\/\",\"name\":\"Solidarity in action: Fundiciones R\u00edo Ebro with the Valencian Community. | Fundiciones R\u00edo Ebro\",\"isPartOf\":{\"@id\":\"https:\\\/\\\/www.fundicionesrioebro.com\\\/#website\"},\"primaryImageOfPage\":{\"@id\":\"https:\\\/\\\/www.fundicionesrioebro.com\\\/en\\\/solidarity-in-action-fundiciones-rio-ebro-with-the-valencian-community\\\/#primaryimage\"},\"image\":{\"@id\":\"https:\\\/\\\/www.fundicionesrioebro.com\\\/en\\\/solidarity-in-action-fundiciones-rio-ebro-with-the-valencian-community\\\/#primaryimage\"},\"thumbnailUrl\":\"https:\\\/\\\/www.fundicionesrioebro.com\\\/wp-content\\\/uploads\\\/FOTO-WEB-ALGEMESI.png\",\"datePublished\":\"2024-11-12T09:46:00+00:00\",\"dateModified\":\"2024-11-19T09:47:35+00:00\",\"breadcrumb\":{\"@id\":\"https:\\\/\\\/www.fundicionesrioebro.com\\\/en\\\/solidarity-in-action-fundiciones-rio-ebro-with-the-valencian-community\\\/#breadcrumb\"},\"inLanguage\":\"en-US\",\"potentialAction\":[{\"@type\":\"ReadAction\",\"target\":[\"https:\\\/\\\/www.fundicionesrioebro.com\\\/en\\\/solidarity-in-action-fundiciones-rio-ebro-with-the-valencian-community\\\/\"]}]},{\"@type\":\"ImageObject\",\"inLanguage\":\"en-US\",\"@id\":\"https:\\\/\\\/www.fundicionesrioebro.com\\\/en\\\/solidarity-in-action-fundiciones-rio-ebro-with-the-valencian-community\\\/#primaryimage\",\"url\":\"https:\\\/\\\/www.fundicionesrioebro.com\\\/wp-content\\\/uploads\\\/FOTO-WEB-ALGEMESI.png\",\"contentUrl\":\"https:\\\/\\\/www.fundicionesrioebro.com\\\/wp-content\\\/uploads\\\/FOTO-WEB-ALGEMESI.png\",\"width\":615,\"height\":425},{\"@type\":\"BreadcrumbList\",\"@id\":\"https:\\\/\\\/www.fundicionesrioebro.com\\\/en\\\/solidarity-in-action-fundiciones-rio-ebro-with-the-valencian-community\\\/#breadcrumb\",\"itemListElement\":[{\"@type\":\"ListItem\",\"position\":1,\"name\":\"Portada\",\"item\":\"https:\\\/\\\/www.fundicionesrioebro.com\\\/en\\\/\"},{\"@type\":\"ListItem\",\"position\":2,\"name\":\"Solidarity in action: Fundiciones R\u00edo Ebro with the Valencian Community.\"}]},{\"@type\":\"WebSite\",\"@id\":\"https:\\\/\\\/www.fundicionesrioebro.com\\\/#website\",\"url\":\"https:\\\/\\\/www.fundicionesrioebro.com\\\/\",\"name\":\"Fundiciones R\u00edo Ebro\",\"description\":\"Fundici\u00f3n de lat\u00f3n y bronce a coquilla y c\u00e1scara\",\"publisher\":{\"@id\":\"https:\\\/\\\/www.fundicionesrioebro.com\\\/#organization\"},\"potentialAction\":[{\"@type\":\"SearchAction\",\"target\":{\"@type\":\"EntryPoint\",\"urlTemplate\":\"https:\\\/\\\/www.fundicionesrioebro.com\\\/?s={search_term_string}\"},\"query-input\":{\"@type\":\"PropertyValueSpecification\",\"valueRequired\":true,\"valueName\":\"search_term_string\"}}],\"inLanguage\":\"en-US\"},{\"@type\":\"Organization\",\"@id\":\"https:\\\/\\\/www.fundicionesrioebro.com\\\/#organization\",\"name\":\"Fundiciones R\u00edo Ebro\",\"url\":\"https:\\\/\\\/www.fundicionesrioebro.com\\\/\",\"logo\":{\"@type\":\"ImageObject\",\"inLanguage\":\"en-US\",\"@id\":\"https:\\\/\\\/www.fundicionesrioebro.com\\\/#\\\/schema\\\/logo\\\/image\\\/\",\"url\":\"https:\\\/\\\/www.fundicionesrioebro.com\\\/wp-content\\\/uploads\\\/2019\\\/07\\\/fundiciones-rio-ebro-logo.jpg\",\"contentUrl\":\"https:\\\/\\\/www.fundicionesrioebro.com\\\/wp-content\\\/uploads\\\/2019\\\/07\\\/fundiciones-rio-ebro-logo.jpg\",\"width\":444,\"height\":143,\"caption\":\"Fundiciones R\u00edo Ebro\"},\"image\":{\"@id\":\"https:\\\/\\\/www.fundicionesrioebro.com\\\/#\\\/schema\\\/logo\\\/image\\\/\"}},{\"@type\":\"Person\",\"@id\":\"https:\\\/\\\/www.fundicionesrioebro.com\\\/#\\\/schema\\\/person\\\/d064f63d6b35c130286bc85dba5738dd\",\"name\":\"RioEbroEditor\",\"image\":{\"@type\":\"ImageObject\",\"inLanguage\":\"en-US\",\"@id\":\"https:\\\/\\\/secure.gravatar.com\\\/avatar\\\/f0d23277f83505ad5117f91e699de3a722680129bca99c8b67edfddbf9183b21?s=96&d=mm&r=g\",\"url\":\"https:\\\/\\\/secure.gravatar.com\\\/avatar\\\/f0d23277f83505ad5117f91e699de3a722680129bca99c8b67edfddbf9183b21?s=96&d=mm&r=g\",\"contentUrl\":\"https:\\\/\\\/secure.gravatar.com\\\/avatar\\\/f0d23277f83505ad5117f91e699de3a722680129bca99c8b67edfddbf9183b21?s=96&d=mm&r=g\",\"caption\":\"RioEbroEditor\"}}]}<\/script>\n<!-- \/ Yoast SEO plugin. -->","yoast_head_json":{"title":"Solidarity in action: Fundiciones R\u00edo Ebro with the Valencian Community. | Fundiciones R\u00edo Ebro","robots":{"index":"index","follow":"follow","max-snippet":"max-snippet:-1","max-image-preview":"max-image-preview:large","max-video-preview":"max-video-preview:-1"},"canonical":"https:\/\/www.fundicionesrioebro.com\/en\/solidarity-in-action-fundiciones-rio-ebro-with-the-valencian-community\/","og_locale":"en_US","og_type":"article","og_title":"Solidarity in action: Fundiciones R\u00edo Ebro with the Valencian Community. | Fundiciones R\u00edo Ebro","og_description":"We are proud to share that part of the human team of our company has taken a step forward, moving to Algemes\u00ed to support the people affected by the recent floods. The situation is devastating. We would like to express our gratitude to the people of Algemes\u00ed who have welcomed us with open arms, who [&hellip;]","og_url":"https:\/\/www.fundicionesrioebro.com\/en\/solidarity-in-action-fundiciones-rio-ebro-with-the-valencian-community\/","og_site_name":"Fundiciones R\u00edo Ebro","article_published_time":"2024-11-12T09:46:00+00:00","article_modified_time":"2024-11-19T09:47:35+00:00","og_image":[{"width":615,"height":425,"url":"https:\/\/www.fundicionesrioebro.com\/wp-content\/uploads\/FOTO-WEB-ALGEMESI.png","type":"image\/png"}],"author":"RioEbroEditor","twitter_card":"summary_large_image","twitter_misc":{"Written by":"RioEbroEditor","Est. reading time":"1 minute"},"schema":{"@context":"https:\/\/schema.org","@graph":[{"@type":"Article","@id":"https:\/\/www.fundicionesrioebro.com\/en\/solidarity-in-action-fundiciones-rio-ebro-with-the-valencian-community\/#article","isPartOf":{"@id":"https:\/\/www.fundicionesrioebro.com\/en\/solidarity-in-action-fundiciones-rio-ebro-with-the-valencian-community\/"},"author":{"name":"RioEbroEditor","@id":"https:\/\/www.fundicionesrioebro.com\/#\/schema\/person\/d064f63d6b35c130286bc85dba5738dd"},"headline":"Solidarity in action: Fundiciones R\u00edo Ebro with the Valencian Community.","datePublished":"2024-11-12T09:46:00+00:00","dateModified":"2024-11-19T09:47:35+00:00","mainEntityOfPage":{"@id":"https:\/\/www.fundicionesrioebro.com\/en\/solidarity-in-action-fundiciones-rio-ebro-with-the-valencian-community\/"},"wordCount":143,"commentCount":0,"publisher":{"@id":"https:\/\/www.fundicionesrioebro.com\/#organization"},"image":{"@id":"https:\/\/www.fundicionesrioebro.com\/en\/solidarity-in-action-fundiciones-rio-ebro-with-the-valencian-community\/#primaryimage"},"thumbnailUrl":"https:\/\/www.fundicionesrioebro.com\/wp-content\/uploads\/FOTO-WEB-ALGEMESI.png","inLanguage":"en-US","potentialAction":[{"@type":"CommentAction","name":"Comment","target":["https:\/\/www.fundicionesrioebro.com\/en\/solidarity-in-action-fundiciones-rio-ebro-with-the-valencian-community\/#respond"]}]},{"@type":"WebPage","@id":"https:\/\/www.fundicionesrioebro.com\/en\/solidarity-in-action-fundiciones-rio-ebro-with-the-valencian-community\/","url":"https:\/\/www.fundicionesrioebro.com\/en\/solidarity-in-action-fundiciones-rio-ebro-with-the-valencian-community\/","name":"Solidarity in action: Fundiciones R\u00edo Ebro with the Valencian Community. | Fundiciones R\u00edo Ebro","isPartOf":{"@id":"https:\/\/www.fundicionesrioebro.com\/#website"},"primaryImageOfPage":{"@id":"https:\/\/www.fundicionesrioebro.com\/en\/solidarity-in-action-fundiciones-rio-ebro-with-the-valencian-community\/#primaryimage"},"image":{"@id":"https:\/\/www.fundicionesrioebro.com\/en\/solidarity-in-action-fundiciones-rio-ebro-with-the-valencian-community\/#primaryimage"},"thumbnailUrl":"https:\/\/www.fundicionesrioebro.com\/wp-content\/uploads\/FOTO-WEB-ALGEMESI.png","datePublished":"2024-11-12T09:46:00+00:00","dateModified":"2024-11-19T09:47:35+00:00","breadcrumb":{"@id":"https:\/\/www.fundicionesrioebro.com\/en\/solidarity-in-action-fundiciones-rio-ebro-with-the-valencian-community\/#breadcrumb"},"inLanguage":"en-US","potentialAction":[{"@type":"ReadAction","target":["https:\/\/www.fundicionesrioebro.com\/en\/solidarity-in-action-fundiciones-rio-ebro-with-the-valencian-community\/"]}]},{"@type":"ImageObject","inLanguage":"en-US","@id":"https:\/\/www.fundicionesrioebro.com\/en\/solidarity-in-action-fundiciones-rio-ebro-with-the-valencian-community\/#primaryimage","url":"https:\/\/www.fundicionesrioebro.com\/wp-content\/uploads\/FOTO-WEB-ALGEMESI.png","contentUrl":"https:\/\/www.fundicionesrioebro.com\/wp-content\/uploads\/FOTO-WEB-ALGEMESI.png","width":615,"height":425},{"@type":"BreadcrumbList","@id":"https:\/\/www.fundicionesrioebro.com\/en\/solidarity-in-action-fundiciones-rio-ebro-with-the-valencian-community\/#breadcrumb","itemListElement":[{"@type":"ListItem","position":1,"name":"Portada","item":"https:\/\/www.fundicionesrioebro.com\/en\/"},{"@type":"ListItem","position":2,"name":"Solidarity in action: Fundiciones R\u00edo Ebro with the Valencian Community."}]},{"@type":"WebSite","@id":"https:\/\/www.fundicionesrioebro.com\/#website","url":"https:\/\/www.fundicionesrioebro.com\/","name":"Fundiciones R\u00edo Ebro","description":"Fundici\u00f3n de lat\u00f3n y bronce a coquilla y c\u00e1scara","publisher":{"@id":"https:\/\/www.fundicionesrioebro.com\/#organization"},"potentialAction":[{"@type":"SearchAction","target":{"@type":"EntryPoint","urlTemplate":"https:\/\/www.fundicionesrioebro.com\/?s={search_term_string}"},"query-input":{"@type":"PropertyValueSpecification","valueRequired":true,"valueName":"search_term_string"}}],"inLanguage":"en-US"},{"@type":"Organization","@id":"https:\/\/www.fundicionesrioebro.com\/#organization","name":"Fundiciones R\u00edo Ebro","url":"https:\/\/www.fundicionesrioebro.com\/","logo":{"@type":"ImageObject","inLanguage":"en-US","@id":"https:\/\/www.fundicionesrioebro.com\/#\/schema\/logo\/image\/","url":"https:\/\/www.fundicionesrioebro.com\/wp-content\/uploads\/2019\/07\/fundiciones-rio-ebro-logo.jpg","contentUrl":"https:\/\/www.fundicionesrioebro.com\/wp-content\/uploads\/2019\/07\/fundiciones-rio-ebro-logo.jpg","width":444,"height":143,"caption":"Fundiciones R\u00edo Ebro"},"image":{"@id":"https:\/\/www.fundicionesrioebro.com\/#\/schema\/logo\/image\/"}},{"@type":"Person","@id":"https:\/\/www.fundicionesrioebro.com\/#\/schema\/person\/d064f63d6b35c130286bc85dba5738dd","name":"RioEbroEditor","image":{"@type":"ImageObject","inLanguage":"en-US","@id":"https:\/\/secure.gravatar.com\/avatar\/f0d23277f83505ad5117f91e699de3a722680129bca99c8b67edfddbf9183b21?s=96&d=mm&r=g","url":"https:\/\/secure.gravatar.com\/avatar\/f0d23277f83505ad5117f91e699de3a722680129bca99c8b67edfddbf9183b21?s=96&d=mm&r=g","contentUrl":"https:\/\/secure.gravatar.com\/avatar\/f0d23277f83505ad5117f91e699de3a722680129bca99c8b67edfddbf9183b21?s=96&d=mm&r=g","caption":"RioEbroEditor"}}]}},"_links":{"self":[{"href":"https:\/\/www.fundicionesrioebro.com\/en\/wp-json\/wp\/v2\/posts\/1877","targetHints":{"allow":["GET"]}}],"collection":[{"href":"https:\/\/www.fundicionesrioebro.com\/en\/wp-json\/wp\/v2\/posts"}],"about":[{"href":"https:\/\/www.fundicionesrioebro.com\/en\/wp-json\/wp\/v2\/types\/post"}],"author":[{"embeddable":true,"href":"https:\/\/www.fundicionesrioebro.com\/en\/wp-json\/wp\/v2\/users\/3"}],"replies":[{"embeddable":true,"href":"https:\/\/www.fundicionesrioebro.com\/en\/wp-json\/wp\/v2\/comments?post=1877"}],"version-history":[{"count":2,"href":"https:\/\/www.fundicionesrioebro.com\/en\/wp-json\/wp\/v2\/posts\/1877\/revisions"}],"predecessor-version":[{"id":1879,"href":"https:\/\/www.fundicionesrioebro.com\/en\/wp-json\/wp\/v2\/posts\/1877\/revisions\/1879"}],"wp:featuredmedia":[{"embeddable":true,"href":"https:\/\/www.fundicionesrioebro.com\/en\/wp-json\/wp\/v2\/media\/1876"}],"wp:attachment":[{"href":"https:\/\/www.fundicionesrioebro.com\/en\/wp-json\/wp\/v2\/media?parent=1877"}],"wp:term":[{"taxonomy":"category","embeddable":true,"href":"https:\/\/www.fundicionesrioebro.com\/en\/wp-json\/wp\/v2\/categories?post=1877"},{"taxonomy":"post_tag","embeddable":true,"href":"https:\/\/www.fundicionesrioebro.com\/en\/wp-json\/wp\/v2\/tags?post=1877"}],"curies":[{"name":"wp","href":"https:\/\/api.w.org\/{rel}","templated":true}]}}