{"id":1911,"date":"2024-11-22T14:06:00","date_gmt":"2024-11-22T13:06:00","guid":{"rendered":"https:\/\/www.fundicionesrioebro.com\/?p=1911"},"modified":"2024-12-04T14:09:56","modified_gmt":"2024-12-04T13:09:56","slug":"metal-madrid-2024","status":"publish","type":"post","link":"https:\/\/www.fundicionesrioebro.com\/en\/metal-madrid-2024\/","title":{"rendered":"METAL MADRID 2024"},"content":{"rendered":"\n<p class=\"wp-block-paragraph\">We attended La Feria Metal Madrid, a key event for the manufacturing, machining and metal processing sectors, which took place on 20 and 21 November in halls 7 and 9 of IFEMA Madrid.<\/p>\n\n\n\n<p class=\"wp-block-paragraph\">We visited the stand of (FUNDIGEX) as members of the Foundry exporters association, where we had the opportunity to exchange ideas and learn about their latest developments.<\/p>\n\n\n\n<p class=\"wp-block-paragraph\">In addition, we took advantage of the event to learn about the latest innovations, establish strategic contacts with various professionals in the sector and strengthen business relationships.<\/p>\n\n\n\n<p class=\"wp-block-paragraph\">This year 2024 brought together more than 13,000 professionals and 620 companies.<\/p>\n\n\n\n<p class=\"wp-block-paragraph\">Given the results of the fair, it encourages us to participate as exhibitors in the next edition.<\/p>\n\n\n\n<p class=\"wp-block-paragraph\">See you!!!<\/p>\n","protected":false},"excerpt":{"rendered":"<p>We attended La Feria Metal Madrid, a key event for the manufacturing, machining and metal processing sectors, which took place on 20 and 21 November in halls 7 and 9 of IFEMA Madrid. We visited the stand of (FUNDIGEX) as members of the Foundry exporters association, where we had the opportunity to exchange ideas and [&hellip;]<\/p>\n","protected":false},"author":3,"featured_media":1904,"comment_status":"open","ping_status":"open","sticky":false,"template":"","format":"standard","meta":{"footnotes":""},"categories":[5],"tags":[],"class_list":["post-1911","post","type-post","status-publish","format-standard","has-post-thumbnail","hentry","category-uncategorized"],"yoast_head":"<!-- This site is optimized with the Yoast SEO plugin v28.1 - https:\/\/yoast.com\/product\/yoast-seo-wordpress\/ -->\n<title>METAL MADRID 2024 | Fundiciones R\u00edo Ebro<\/title>\n<meta name=\"robots\" content=\"index, follow, max-snippet:-1, max-image-preview:large, max-video-preview:-1\" \/>\n<link rel=\"canonical\" href=\"https:\/\/www.fundicionesrioebro.com\/en\/metal-madrid-2024\/\" \/>\n<meta property=\"og:locale\" content=\"en_US\" \/>\n<meta property=\"og:type\" content=\"article\" \/>\n<meta property=\"og:title\" content=\"METAL MADRID 2024 | Fundiciones R\u00edo Ebro\" \/>\n<meta property=\"og:description\" content=\"We attended La Feria Metal Madrid, a key event for the manufacturing, machining and metal processing sectors, which took place on 20 and 21 November in halls 7 and 9 of IFEMA Madrid. We visited the stand of (FUNDIGEX) as members of the Foundry exporters association, where we had the opportunity to exchange ideas and [&hellip;]\" \/>\n<meta property=\"og:url\" content=\"https:\/\/www.fundicionesrioebro.com\/en\/metal-madrid-2024\/\" \/>\n<meta property=\"og:site_name\" content=\"Fundiciones R\u00edo Ebro\" \/>\n<meta property=\"article:published_time\" content=\"2024-11-22T13:06:00+00:00\" \/>\n<meta property=\"article:modified_time\" content=\"2024-12-04T13:09:56+00:00\" \/>\n<meta property=\"og:image\" content=\"https:\/\/www.fundicionesrioebro.com\/wp-content\/uploads\/Captura-1024x437.png\" \/>\n\t<meta property=\"og:image:width\" content=\"1024\" \/>\n\t<meta property=\"og:image:height\" content=\"437\" \/>\n\t<meta property=\"og:image:type\" content=\"image\/png\" \/>\n<meta name=\"author\" content=\"RioEbroEditor\" \/>\n<meta name=\"twitter:card\" content=\"summary_large_image\" \/>\n<meta name=\"twitter:label1\" content=\"Written by\" \/>\n\t<meta name=\"twitter:data1\" content=\"RioEbroEditor\" \/>\n\t<meta name=\"twitter:label2\" content=\"Est. reading time\" \/>\n\t<meta name=\"twitter:data2\" content=\"1 minute\" \/>\n<script type=\"application\/ld+json\" class=\"yoast-schema-graph\">{\"@context\":\"https:\\\/\\\/schema.org\",\"@graph\":[{\"@type\":\"Article\",\"@id\":\"https:\\\/\\\/www.fundicionesrioebro.com\\\/en\\\/metal-madrid-2024\\\/#article\",\"isPartOf\":{\"@id\":\"https:\\\/\\\/www.fundicionesrioebro.com\\\/en\\\/metal-madrid-2024\\\/\"},\"author\":{\"name\":\"RioEbroEditor\",\"@id\":\"https:\\\/\\\/www.fundicionesrioebro.com\\\/#\\\/schema\\\/person\\\/d064f63d6b35c130286bc85dba5738dd\"},\"headline\":\"METAL MADRID 2024\",\"datePublished\":\"2024-11-22T13:06:00+00:00\",\"dateModified\":\"2024-12-04T13:09:56+00:00\",\"mainEntityOfPage\":{\"@id\":\"https:\\\/\\\/www.fundicionesrioebro.com\\\/en\\\/metal-madrid-2024\\\/\"},\"wordCount\":113,\"commentCount\":0,\"publisher\":{\"@id\":\"https:\\\/\\\/www.fundicionesrioebro.com\\\/#organization\"},\"image\":{\"@id\":\"https:\\\/\\\/www.fundicionesrioebro.com\\\/en\\\/metal-madrid-2024\\\/#primaryimage\"},\"thumbnailUrl\":\"https:\\\/\\\/www.fundicionesrioebro.com\\\/wp-content\\\/uploads\\\/Captura.png\",\"inLanguage\":\"en-US\",\"potentialAction\":[{\"@type\":\"CommentAction\",\"name\":\"Comment\",\"target\":[\"https:\\\/\\\/www.fundicionesrioebro.com\\\/en\\\/metal-madrid-2024\\\/#respond\"]}]},{\"@type\":\"WebPage\",\"@id\":\"https:\\\/\\\/www.fundicionesrioebro.com\\\/en\\\/metal-madrid-2024\\\/\",\"url\":\"https:\\\/\\\/www.fundicionesrioebro.com\\\/en\\\/metal-madrid-2024\\\/\",\"name\":\"METAL MADRID 2024 | Fundiciones R\u00edo Ebro\",\"isPartOf\":{\"@id\":\"https:\\\/\\\/www.fundicionesrioebro.com\\\/#website\"},\"primaryImageOfPage\":{\"@id\":\"https:\\\/\\\/www.fundicionesrioebro.com\\\/en\\\/metal-madrid-2024\\\/#primaryimage\"},\"image\":{\"@id\":\"https:\\\/\\\/www.fundicionesrioebro.com\\\/en\\\/metal-madrid-2024\\\/#primaryimage\"},\"thumbnailUrl\":\"https:\\\/\\\/www.fundicionesrioebro.com\\\/wp-content\\\/uploads\\\/Captura.png\",\"datePublished\":\"2024-11-22T13:06:00+00:00\",\"dateModified\":\"2024-12-04T13:09:56+00:00\",\"breadcrumb\":{\"@id\":\"https:\\\/\\\/www.fundicionesrioebro.com\\\/en\\\/metal-madrid-2024\\\/#breadcrumb\"},\"inLanguage\":\"en-US\",\"potentialAction\":[{\"@type\":\"ReadAction\",\"target\":[\"https:\\\/\\\/www.fundicionesrioebro.com\\\/en\\\/metal-madrid-2024\\\/\"]}]},{\"@type\":\"ImageObject\",\"inLanguage\":\"en-US\",\"@id\":\"https:\\\/\\\/www.fundicionesrioebro.com\\\/en\\\/metal-madrid-2024\\\/#primaryimage\",\"url\":\"https:\\\/\\\/www.fundicionesrioebro.com\\\/wp-content\\\/uploads\\\/Captura.png\",\"contentUrl\":\"https:\\\/\\\/www.fundicionesrioebro.com\\\/wp-content\\\/uploads\\\/Captura.png\",\"width\":1914,\"height\":816},{\"@type\":\"BreadcrumbList\",\"@id\":\"https:\\\/\\\/www.fundicionesrioebro.com\\\/en\\\/metal-madrid-2024\\\/#breadcrumb\",\"itemListElement\":[{\"@type\":\"ListItem\",\"position\":1,\"name\":\"Portada\",\"item\":\"https:\\\/\\\/www.fundicionesrioebro.com\\\/en\\\/\"},{\"@type\":\"ListItem\",\"position\":2,\"name\":\"METAL MADRID 2024\"}]},{\"@type\":\"WebSite\",\"@id\":\"https:\\\/\\\/www.fundicionesrioebro.com\\\/#website\",\"url\":\"https:\\\/\\\/www.fundicionesrioebro.com\\\/\",\"name\":\"Fundiciones R\u00edo Ebro\",\"description\":\"Fundici\u00f3n de lat\u00f3n y bronce a coquilla y c\u00e1scara\",\"publisher\":{\"@id\":\"https:\\\/\\\/www.fundicionesrioebro.com\\\/#organization\"},\"potentialAction\":[{\"@type\":\"SearchAction\",\"target\":{\"@type\":\"EntryPoint\",\"urlTemplate\":\"https:\\\/\\\/www.fundicionesrioebro.com\\\/?s={search_term_string}\"},\"query-input\":{\"@type\":\"PropertyValueSpecification\",\"valueRequired\":true,\"valueName\":\"search_term_string\"}}],\"inLanguage\":\"en-US\"},{\"@type\":\"Organization\",\"@id\":\"https:\\\/\\\/www.fundicionesrioebro.com\\\/#organization\",\"name\":\"Fundiciones R\u00edo Ebro\",\"url\":\"https:\\\/\\\/www.fundicionesrioebro.com\\\/\",\"logo\":{\"@type\":\"ImageObject\",\"inLanguage\":\"en-US\",\"@id\":\"https:\\\/\\\/www.fundicionesrioebro.com\\\/#\\\/schema\\\/logo\\\/image\\\/\",\"url\":\"https:\\\/\\\/www.fundicionesrioebro.com\\\/wp-content\\\/uploads\\\/2019\\\/07\\\/fundiciones-rio-ebro-logo.jpg\",\"contentUrl\":\"https:\\\/\\\/www.fundicionesrioebro.com\\\/wp-content\\\/uploads\\\/2019\\\/07\\\/fundiciones-rio-ebro-logo.jpg\",\"width\":444,\"height\":143,\"caption\":\"Fundiciones R\u00edo Ebro\"},\"image\":{\"@id\":\"https:\\\/\\\/www.fundicionesrioebro.com\\\/#\\\/schema\\\/logo\\\/image\\\/\"}},{\"@type\":\"Person\",\"@id\":\"https:\\\/\\\/www.fundicionesrioebro.com\\\/#\\\/schema\\\/person\\\/d064f63d6b35c130286bc85dba5738dd\",\"name\":\"RioEbroEditor\",\"image\":{\"@type\":\"ImageObject\",\"inLanguage\":\"en-US\",\"@id\":\"https:\\\/\\\/secure.gravatar.com\\\/avatar\\\/f0d23277f83505ad5117f91e699de3a722680129bca99c8b67edfddbf9183b21?s=96&d=mm&r=g\",\"url\":\"https:\\\/\\\/secure.gravatar.com\\\/avatar\\\/f0d23277f83505ad5117f91e699de3a722680129bca99c8b67edfddbf9183b21?s=96&d=mm&r=g\",\"contentUrl\":\"https:\\\/\\\/secure.gravatar.com\\\/avatar\\\/f0d23277f83505ad5117f91e699de3a722680129bca99c8b67edfddbf9183b21?s=96&d=mm&r=g\",\"caption\":\"RioEbroEditor\"}}]}<\/script>\n<!-- \/ Yoast SEO plugin. -->","yoast_head_json":{"title":"METAL MADRID 2024 | Fundiciones R\u00edo Ebro","robots":{"index":"index","follow":"follow","max-snippet":"max-snippet:-1","max-image-preview":"max-image-preview:large","max-video-preview":"max-video-preview:-1"},"canonical":"https:\/\/www.fundicionesrioebro.com\/en\/metal-madrid-2024\/","og_locale":"en_US","og_type":"article","og_title":"METAL MADRID 2024 | Fundiciones R\u00edo Ebro","og_description":"We attended La Feria Metal Madrid, a key event for the manufacturing, machining and metal processing sectors, which took place on 20 and 21 November in halls 7 and 9 of IFEMA Madrid. We visited the stand of (FUNDIGEX) as members of the Foundry exporters association, where we had the opportunity to exchange ideas and [&hellip;]","og_url":"https:\/\/www.fundicionesrioebro.com\/en\/metal-madrid-2024\/","og_site_name":"Fundiciones R\u00edo Ebro","article_published_time":"2024-11-22T13:06:00+00:00","article_modified_time":"2024-12-04T13:09:56+00:00","og_image":[{"width":1024,"height":437,"url":"https:\/\/www.fundicionesrioebro.com\/wp-content\/uploads\/Captura-1024x437.png","type":"image\/png"}],"author":"RioEbroEditor","twitter_card":"summary_large_image","twitter_misc":{"Written by":"RioEbroEditor","Est. reading time":"1 minute"},"schema":{"@context":"https:\/\/schema.org","@graph":[{"@type":"Article","@id":"https:\/\/www.fundicionesrioebro.com\/en\/metal-madrid-2024\/#article","isPartOf":{"@id":"https:\/\/www.fundicionesrioebro.com\/en\/metal-madrid-2024\/"},"author":{"name":"RioEbroEditor","@id":"https:\/\/www.fundicionesrioebro.com\/#\/schema\/person\/d064f63d6b35c130286bc85dba5738dd"},"headline":"METAL MADRID 2024","datePublished":"2024-11-22T13:06:00+00:00","dateModified":"2024-12-04T13:09:56+00:00","mainEntityOfPage":{"@id":"https:\/\/www.fundicionesrioebro.com\/en\/metal-madrid-2024\/"},"wordCount":113,"commentCount":0,"publisher":{"@id":"https:\/\/www.fundicionesrioebro.com\/#organization"},"image":{"@id":"https:\/\/www.fundicionesrioebro.com\/en\/metal-madrid-2024\/#primaryimage"},"thumbnailUrl":"https:\/\/www.fundicionesrioebro.com\/wp-content\/uploads\/Captura.png","inLanguage":"en-US","potentialAction":[{"@type":"CommentAction","name":"Comment","target":["https:\/\/www.fundicionesrioebro.com\/en\/metal-madrid-2024\/#respond"]}]},{"@type":"WebPage","@id":"https:\/\/www.fundicionesrioebro.com\/en\/metal-madrid-2024\/","url":"https:\/\/www.fundicionesrioebro.com\/en\/metal-madrid-2024\/","name":"METAL MADRID 2024 | Fundiciones R\u00edo Ebro","isPartOf":{"@id":"https:\/\/www.fundicionesrioebro.com\/#website"},"primaryImageOfPage":{"@id":"https:\/\/www.fundicionesrioebro.com\/en\/metal-madrid-2024\/#primaryimage"},"image":{"@id":"https:\/\/www.fundicionesrioebro.com\/en\/metal-madrid-2024\/#primaryimage"},"thumbnailUrl":"https:\/\/www.fundicionesrioebro.com\/wp-content\/uploads\/Captura.png","datePublished":"2024-11-22T13:06:00+00:00","dateModified":"2024-12-04T13:09:56+00:00","breadcrumb":{"@id":"https:\/\/www.fundicionesrioebro.com\/en\/metal-madrid-2024\/#breadcrumb"},"inLanguage":"en-US","potentialAction":[{"@type":"ReadAction","target":["https:\/\/www.fundicionesrioebro.com\/en\/metal-madrid-2024\/"]}]},{"@type":"ImageObject","inLanguage":"en-US","@id":"https:\/\/www.fundicionesrioebro.com\/en\/metal-madrid-2024\/#primaryimage","url":"https:\/\/www.fundicionesrioebro.com\/wp-content\/uploads\/Captura.png","contentUrl":"https:\/\/www.fundicionesrioebro.com\/wp-content\/uploads\/Captura.png","width":1914,"height":816},{"@type":"BreadcrumbList","@id":"https:\/\/www.fundicionesrioebro.com\/en\/metal-madrid-2024\/#breadcrumb","itemListElement":[{"@type":"ListItem","position":1,"name":"Portada","item":"https:\/\/www.fundicionesrioebro.com\/en\/"},{"@type":"ListItem","position":2,"name":"METAL MADRID 2024"}]},{"@type":"WebSite","@id":"https:\/\/www.fundicionesrioebro.com\/#website","url":"https:\/\/www.fundicionesrioebro.com\/","name":"Fundiciones R\u00edo Ebro","description":"Fundici\u00f3n de lat\u00f3n y bronce a coquilla y c\u00e1scara","publisher":{"@id":"https:\/\/www.fundicionesrioebro.com\/#organization"},"potentialAction":[{"@type":"SearchAction","target":{"@type":"EntryPoint","urlTemplate":"https:\/\/www.fundicionesrioebro.com\/?s={search_term_string}"},"query-input":{"@type":"PropertyValueSpecification","valueRequired":true,"valueName":"search_term_string"}}],"inLanguage":"en-US"},{"@type":"Organization","@id":"https:\/\/www.fundicionesrioebro.com\/#organization","name":"Fundiciones R\u00edo Ebro","url":"https:\/\/www.fundicionesrioebro.com\/","logo":{"@type":"ImageObject","inLanguage":"en-US","@id":"https:\/\/www.fundicionesrioebro.com\/#\/schema\/logo\/image\/","url":"https:\/\/www.fundicionesrioebro.com\/wp-content\/uploads\/2019\/07\/fundiciones-rio-ebro-logo.jpg","contentUrl":"https:\/\/www.fundicionesrioebro.com\/wp-content\/uploads\/2019\/07\/fundiciones-rio-ebro-logo.jpg","width":444,"height":143,"caption":"Fundiciones R\u00edo Ebro"},"image":{"@id":"https:\/\/www.fundicionesrioebro.com\/#\/schema\/logo\/image\/"}},{"@type":"Person","@id":"https:\/\/www.fundicionesrioebro.com\/#\/schema\/person\/d064f63d6b35c130286bc85dba5738dd","name":"RioEbroEditor","image":{"@type":"ImageObject","inLanguage":"en-US","@id":"https:\/\/secure.gravatar.com\/avatar\/f0d23277f83505ad5117f91e699de3a722680129bca99c8b67edfddbf9183b21?s=96&d=mm&r=g","url":"https:\/\/secure.gravatar.com\/avatar\/f0d23277f83505ad5117f91e699de3a722680129bca99c8b67edfddbf9183b21?s=96&d=mm&r=g","contentUrl":"https:\/\/secure.gravatar.com\/avatar\/f0d23277f83505ad5117f91e699de3a722680129bca99c8b67edfddbf9183b21?s=96&d=mm&r=g","caption":"RioEbroEditor"}}]}},"_links":{"self":[{"href":"https:\/\/www.fundicionesrioebro.com\/en\/wp-json\/wp\/v2\/posts\/1911","targetHints":{"allow":["GET"]}}],"collection":[{"href":"https:\/\/www.fundicionesrioebro.com\/en\/wp-json\/wp\/v2\/posts"}],"about":[{"href":"https:\/\/www.fundicionesrioebro.com\/en\/wp-json\/wp\/v2\/types\/post"}],"author":[{"embeddable":true,"href":"https:\/\/www.fundicionesrioebro.com\/en\/wp-json\/wp\/v2\/users\/3"}],"replies":[{"embeddable":true,"href":"https:\/\/www.fundicionesrioebro.com\/en\/wp-json\/wp\/v2\/comments?post=1911"}],"version-history":[{"count":1,"href":"https:\/\/www.fundicionesrioebro.com\/en\/wp-json\/wp\/v2\/posts\/1911\/revisions"}],"predecessor-version":[{"id":1912,"href":"https:\/\/www.fundicionesrioebro.com\/en\/wp-json\/wp\/v2\/posts\/1911\/revisions\/1912"}],"wp:featuredmedia":[{"embeddable":true,"href":"https:\/\/www.fundicionesrioebro.com\/en\/wp-json\/wp\/v2\/media\/1904"}],"wp:attachment":[{"href":"https:\/\/www.fundicionesrioebro.com\/en\/wp-json\/wp\/v2\/media?parent=1911"}],"wp:term":[{"taxonomy":"category","embeddable":true,"href":"https:\/\/www.fundicionesrioebro.com\/en\/wp-json\/wp\/v2\/categories?post=1911"},{"taxonomy":"post_tag","embeddable":true,"href":"https:\/\/www.fundicionesrioebro.com\/en\/wp-json\/wp\/v2\/tags?post=1911"}],"curies":[{"name":"wp","href":"https:\/\/api.w.org\/{rel}","templated":true}]}}